{"id":10788,"date":"2023-08-06T21:36:19","date_gmt":"2023-08-06T19:36:19","guid":{"rendered":"https:\/\/www.blau-weiss-spandau.de\/wordpress\/?p=10788"},"modified":"2023-10-01T21:19:45","modified_gmt":"2023-10-01T19:19:45","slug":"blau-weiss-spandau-hat-wieder-eine-erste-frauenmannschaft","status":"publish","type":"post","link":"https:\/\/www.blau-weiss-spandau.de\/wordpress\/blau-weiss-spandau-hat-wieder-eine-erste-frauenmannschaft\/","title":{"rendered":"Blau-Weiss Spandau hat wieder eine erste Frauenmannschaft"},"content":{"rendered":"<div class=\"fusion-fullwidth fullwidth-box fusion-builder-row-1 fusion-flex-container has-pattern-background has-mask-background nonhundred-percent-fullwidth non-hundred-percent-height-scrolling\" style=\"--awb-border-radius-top-left:0px;--awb-border-radius-top-right:0px;--awb-border-radius-bottom-right:0px;--awb-border-radius-bottom-left:0px;--awb-flex-wrap:wrap;\" ><div class=\"fusion-builder-row fusion-row fusion-flex-align-items-flex-start fusion-flex-content-wrap\" style=\"max-width:1302px;margin-left: calc(-5% \/ 2 );margin-right: calc(-5% \/ 2 );\"><div class=\"fusion-layout-column fusion_builder_column fusion-builder-column-0 fusion_builder_column_1_1 1_1 fusion-flex-column\" style=\"--awb-bg-size:cover;--awb-width-large:100%;--awb-margin-top-large:0px;--awb-spacing-right-large:2.375%;--awb-margin-bottom-large:0px;--awb-spacing-left-large:2.375%;--awb-width-medium:100%;--awb-order-medium:0;--awb-spacing-right-medium:2.375%;--awb-spacing-left-medium:2.375%;--awb-width-small:100%;--awb-order-small:0;--awb-spacing-right-small:2.375%;--awb-spacing-left-small:2.375%;\"><div class=\"fusion-column-wrapper fusion-column-has-shadow fusion-flex-justify-content-flex-start fusion-content-layout-column\"><div class=\"fusion-text fusion-text-1\"><p><strong>Blau-Weiss Spandau ist um eine Sportabteilung reicher. Nach rund sieben Jahren wurde wieder eine erste Frauenmannschaft gegr\u00fcndet. Das neue Team wird zur Saison 2023\/2024 in den Liga-Spielbetrieb einsteigen. <\/strong><strong>Herzlich willkommen sind alle Fu\u00dfballfans und Spielerinnen, die Lust auf guten Fu\u00dfball haben und mitspielen wollen.<\/strong><\/p>\n<p>W\u00e4hrend alle fu\u00dfballbegeisterten Fans aktuell bei den Spielen der Frauen-Nationalmannschaften in Australien und Neuseeland zuschauen, haben Fans von Blau-Weiss in der Saison 2023\/2024 bald deutlich k\u00fcrzere Wege und bessere Ansto\u00df- und Trainingszeiten. Nach \u00fcber sieben Jahren hat Blau-Weiss Spandau wieder eine Frauenmannschaft zum Spielbetrieb angemeldet.<\/p>\n<h3>Der Plan<\/h3>\n<p>\u201e<em>Die Idee wieder eine Frauenabteilung zu gr\u00fcnden, hatten wir schon lange, immerhin hatte Blau-Weiss bereits 1905 die erste Frauen-Turnabteilung und bis vor rund sieben Jahren auch eine Frauen Fu\u00dfballmannschaft. Gemeinsam mit dem Trainer Marlon Pohl haben wir dann zusammengesessen und \u00fcber die Rahmenbedingungen gesprochen\u201c, <\/em>sagte Bernd Schuster, 1. Vorsitzender von Blau-Weiss. In guter Blau-Weiss-Art wurde losgelegt, mit netten Mitspielerinnen, einem guten Trainer, einer gut erreichbaren Platzanlage und echter Gleichberechtigung aller Teams hinsichtlich Trainingszeiten und Ausstattung.<\/p>\n<h3>13 Frauen beim ersten Probetraining<\/h3>\n<div id=\"attachment_10790\" style=\"width: 281px\" class=\"wp-caption alignleft\"><a href=\"https:\/\/www.blau-weiss-spandau.de\/wordpress\/wp-content\/uploads\/2023\/08\/IMG_1943.png\"><img decoding=\"async\" aria-describedby=\"caption-attachment-10790\" class=\"lazyload  wp-image-10790\" src=\"https:\/\/www.blau-weiss-spandau.de\/wordpress\/wp-content\/uploads\/2023\/08\/IMG_1943.png\" data-orig-src=\"https:\/\/www.blau-weiss-spandau.de\/wordpress\/wp-content\/uploads\/2023\/08\/IMG_1943.png\" alt=\"Frauenmannschaft von Blau-Weiss h\u00e4lt zusammen\" width=\"271\" height=\"303\" srcset=\"data:image\/svg+xml,%3Csvg%20xmlns%3D%27http%3A%2F%2Fwww.w3.org%2F2000%2Fsvg%27%20width%3D%27271%27%20height%3D%27303%27%20viewBox%3D%270%200%20271%20303%27%3E%3Crect%20width%3D%27271%27%20height%3D%27303%27%20fill-opacity%3D%220%22%2F%3E%3C%2Fsvg%3E\" data-srcset=\"https:\/\/www.blau-weiss-spandau.de\/wordpress\/wp-content\/uploads\/2023\/08\/IMG_1943-200x223.png 200w, https:\/\/www.blau-weiss-spandau.de\/wordpress\/wp-content\/uploads\/2023\/08\/IMG_1943-269x300.png 269w, https:\/\/www.blau-weiss-spandau.de\/wordpress\/wp-content\/uploads\/2023\/08\/IMG_1943-400x446.png 400w, https:\/\/www.blau-weiss-spandau.de\/wordpress\/wp-content\/uploads\/2023\/08\/IMG_1943-600x670.png 600w, https:\/\/www.blau-weiss-spandau.de\/wordpress\/wp-content\/uploads\/2023\/08\/IMG_1943-768x857.png 768w, https:\/\/www.blau-weiss-spandau.de\/wordpress\/wp-content\/uploads\/2023\/08\/IMG_1943-800x893.png 800w, https:\/\/www.blau-weiss-spandau.de\/wordpress\/wp-content\/uploads\/2023\/08\/IMG_1943-917x1024.png 917w, https:\/\/www.blau-weiss-spandau.de\/wordpress\/wp-content\/uploads\/2023\/08\/IMG_1943-1200x1339.png 1200w, https:\/\/www.blau-weiss-spandau.de\/wordpress\/wp-content\/uploads\/2023\/08\/IMG_1943-1376x1536.png 1376w, https:\/\/www.blau-weiss-spandau.de\/wordpress\/wp-content\/uploads\/2023\/08\/IMG_1943-1835x2048.png 1835w, https:\/\/www.blau-weiss-spandau.de\/wordpress\/wp-content\/uploads\/2023\/08\/IMG_1943.png 2272w\" data-sizes=\"auto\" data-orig-sizes=\"(max-width: 271px) 100vw, 271px\" \/><\/a><p id=\"caption-attachment-10790\" class=\"wp-caption-text\">Frauenmannschaft von Blau-Weiss h\u00e4lt zusammen<\/p><\/div>\n<p>Die neue Mannschaft wurde gemeldet und wird in der Bezirksliga Staffel 1 starten. Die Vorbereitung f\u00fcr das erste Spiel am 2. September 2023 um 14:00 Uhr ausw\u00e4rts gegen Arminia Tegel l\u00e4uft. Viele Spielerinnen stehen inzwischen regelm\u00e4\u00dfig auf dem Platz und trainieren. <em>\u201eWir haben bisher einen guten Mix aus erfahrenen und neuen Spielerinnen\u201c<\/em>, sagt Marlon Pohl, Trainer der Mannschaft. <em>\u201eUnser neues Team sucht noch nach Unterst\u00fctzung, jede ist bei uns herzlich willkommen, egal ob Anf\u00e4ngerin oder erfahren\u201c,<\/em> erg\u00e4nzt Pohl.<\/p>\n<p>Dienstags von 18:30 \u2013 20:00 Uhr und freitags von 20:00 \u2013 21:30 Uhr ist Training. Fun fact, die erste Frauen-Turnabteilung von 1905 turnte damals ebenfalls jeden Dienstag und Freitag. \u201e<em>Wir spielen mit denselben Trainingszeiten wie 1905<\/em>\u201c, sagt Schuster mit einem Augenzwinkern und erg\u00e4nzt <em>\u201ewichtig ist mir, dass wir zuk\u00fcnftig endlich wieder Frauen die M\u00f6glichkeit bieten, bei Blau-Weiss Fu\u00dfball zu spielen und somit ein Teil der Blau-Weiss Familie zu sein, ich freue mich.\u201c<\/em><\/p>\n<p>Info: Du hast Interesse? Dann melde Dich bei uns. Infos und Ansprechpartner findest Du unter diesem <a href=\"https:\/\/www.blau-weiss-spandau.de\/wordpress\/frauen\/1-frauen\/\">Link<\/a>.<\/p>\n<\/div><div class=\"awb-gallery-wrapper awb-gallery-wrapper-1 button-span-no\" style=\"--more-btn-alignment:center;\"><div style=\"margin:-5px;--awb-bordersize:0px;\" class=\"fusion-gallery fusion-gallery-container fusion-grid-3 fusion-columns-total-3 fusion-gallery-layout-grid fusion-gallery-1\"><div style=\"padding:5px;\" class=\"fusion-grid-column fusion-gallery-column fusion-gallery-column-3 hover-type-none\"><div class=\"fusion-gallery-image\"><a href=\"https:\/\/www.blau-weiss-spandau.de\/wordpress\/wp-content\/uploads\/2023\/08\/20230806_101132617_iOS.png\" rel=\"noreferrer\" data-rel=\"iLightbox[gallery_image_1]\" class=\"fusion-lightbox\" target=\"_self\"><img decoding=\"async\" src=\"https:\/\/www.blau-weiss-spandau.de\/wordpress\/wp-content\/uploads\/2023\/08\/20230806_101132617_iOS.png\" data-orig-src=\"https:\/\/www.blau-weiss-spandau.de\/wordpress\/wp-content\/uploads\/2023\/08\/20230806_101132617_iOS.png\" width=\"1024\" height=\"1365\" alt=\"\" title=\"20230806_101132617_iOS\" aria-label=\"20230806_101132617_iOS\" class=\"lazyload img-responsive wp-image-10793\" srcset=\"data:image\/svg+xml,%3Csvg%20xmlns%3D%27http%3A%2F%2Fwww.w3.org%2F2000%2Fsvg%27%20width%3D%271024%27%20height%3D%271365%27%20viewBox%3D%270%200%201024%201365%27%3E%3Crect%20width%3D%271024%27%20height%3D%271365%27%20fill-opacity%3D%220%22%2F%3E%3C%2Fsvg%3E\" data-srcset=\"https:\/\/www.blau-weiss-spandau.de\/wordpress\/wp-content\/uploads\/2023\/08\/20230806_101132617_iOS-200x267.png 200w, https:\/\/www.blau-weiss-spandau.de\/wordpress\/wp-content\/uploads\/2023\/08\/20230806_101132617_iOS-400x533.png 400w, https:\/\/www.blau-weiss-spandau.de\/wordpress\/wp-content\/uploads\/2023\/08\/20230806_101132617_iOS-600x800.png 600w, https:\/\/www.blau-weiss-spandau.de\/wordpress\/wp-content\/uploads\/2023\/08\/20230806_101132617_iOS-800x1066.png 800w, https:\/\/www.blau-weiss-spandau.de\/wordpress\/wp-content\/uploads\/2023\/08\/20230806_101132617_iOS.png 1024w\" data-sizes=\"auto\" data-orig-sizes=\"(min-width: 2200px) 100vw, (min-width: 784px) 410px, (min-width: 712px) 615px, (min-width: 640px) 712px, \" \/><\/a><\/div><\/div><div style=\"padding:5px;\" class=\"fusion-grid-column fusion-gallery-column fusion-gallery-column-3 hover-type-none\"><div class=\"fusion-gallery-image\"><a href=\"https:\/\/www.blau-weiss-spandau.de\/wordpress\/wp-content\/uploads\/2023\/08\/IMG_1924.png\" rel=\"noreferrer\" data-rel=\"iLightbox[gallery_image_1]\" class=\"fusion-lightbox\" target=\"_self\"><img decoding=\"async\" src=\"https:\/\/www.blau-weiss-spandau.de\/wordpress\/wp-content\/uploads\/2023\/08\/IMG_1924.png\" data-orig-src=\"https:\/\/www.blau-weiss-spandau.de\/wordpress\/wp-content\/uploads\/2023\/08\/IMG_1924.png\" width=\"1024\" height=\"768\" alt=\"\" title=\"IMG_1924\" aria-label=\"IMG_1924\" class=\"lazyload img-responsive wp-image-10794\" srcset=\"data:image\/svg+xml,%3Csvg%20xmlns%3D%27http%3A%2F%2Fwww.w3.org%2F2000%2Fsvg%27%20width%3D%271024%27%20height%3D%27768%27%20viewBox%3D%270%200%201024%20768%27%3E%3Crect%20width%3D%271024%27%20height%3D%27768%27%20fill-opacity%3D%220%22%2F%3E%3C%2Fsvg%3E\" data-srcset=\"https:\/\/www.blau-weiss-spandau.de\/wordpress\/wp-content\/uploads\/2023\/08\/IMG_1924-200x150.png 200w, https:\/\/www.blau-weiss-spandau.de\/wordpress\/wp-content\/uploads\/2023\/08\/IMG_1924-400x300.png 400w, https:\/\/www.blau-weiss-spandau.de\/wordpress\/wp-content\/uploads\/2023\/08\/IMG_1924-600x450.png 600w, https:\/\/www.blau-weiss-spandau.de\/wordpress\/wp-content\/uploads\/2023\/08\/IMG_1924-800x600.png 800w, https:\/\/www.blau-weiss-spandau.de\/wordpress\/wp-content\/uploads\/2023\/08\/IMG_1924.png 1024w\" data-sizes=\"auto\" data-orig-sizes=\"(min-width: 2200px) 100vw, (min-width: 784px) 410px, (min-width: 712px) 615px, (min-width: 640px) 712px, \" \/><\/a><\/div><\/div><div style=\"padding:5px;\" class=\"fusion-grid-column fusion-gallery-column fusion-gallery-column-3 hover-type-none\"><div class=\"fusion-gallery-image\"><a href=\"https:\/\/www.blau-weiss-spandau.de\/wordpress\/wp-content\/uploads\/2023\/08\/IMG_1938.png\" rel=\"noreferrer\" data-rel=\"iLightbox[gallery_image_1]\" class=\"fusion-lightbox\" target=\"_self\"><img decoding=\"async\" src=\"https:\/\/www.blau-weiss-spandau.de\/wordpress\/wp-content\/uploads\/2023\/08\/IMG_1938.png\" data-orig-src=\"https:\/\/www.blau-weiss-spandau.de\/wordpress\/wp-content\/uploads\/2023\/08\/IMG_1938.png\" width=\"1024\" height=\"929\" alt=\"\" title=\"IMG_1938\" aria-label=\"IMG_1938\" class=\"lazyload img-responsive wp-image-10796\" srcset=\"data:image\/svg+xml,%3Csvg%20xmlns%3D%27http%3A%2F%2Fwww.w3.org%2F2000%2Fsvg%27%20width%3D%271024%27%20height%3D%27929%27%20viewBox%3D%270%200%201024%20929%27%3E%3Crect%20width%3D%271024%27%20height%3D%27929%27%20fill-opacity%3D%220%22%2F%3E%3C%2Fsvg%3E\" data-srcset=\"https:\/\/www.blau-weiss-spandau.de\/wordpress\/wp-content\/uploads\/2023\/08\/IMG_1938-200x181.png 200w, https:\/\/www.blau-weiss-spandau.de\/wordpress\/wp-content\/uploads\/2023\/08\/IMG_1938-400x363.png 400w, https:\/\/www.blau-weiss-spandau.de\/wordpress\/wp-content\/uploads\/2023\/08\/IMG_1938-600x544.png 600w, https:\/\/www.blau-weiss-spandau.de\/wordpress\/wp-content\/uploads\/2023\/08\/IMG_1938-800x726.png 800w, https:\/\/www.blau-weiss-spandau.de\/wordpress\/wp-content\/uploads\/2023\/08\/IMG_1938.png 1024w\" data-sizes=\"auto\" data-orig-sizes=\"(min-width: 2200px) 100vw, (min-width: 784px) 410px, (min-width: 712px) 615px, (min-width: 640px) 712px, \" \/><\/a><\/div><\/div><div class=\"clearfix\"><\/div><\/div><\/div><\/div><\/div><\/div><\/div>\n","protected":false},"excerpt":{"rendered":"","protected":false},"author":47,"featured_media":10795,"comment_status":"closed","ping_status":"closed","sticky":false,"template":"","format":"standard","meta":{"_acf_changed":false,"inline_featured_image":false,"footnotes":""},"categories":[1],"tags":[],"class_list":["post-10788","post","type-post","status-publish","format-standard","has-post-thumbnail","hentry","category-allgemein"],"acf":[],"_links":{"self":[{"href":"https:\/\/www.blau-weiss-spandau.de\/wordpress\/wp-json\/wp\/v2\/posts\/10788","targetHints":{"allow":["GET"]}}],"collection":[{"href":"https:\/\/www.blau-weiss-spandau.de\/wordpress\/wp-json\/wp\/v2\/posts"}],"about":[{"href":"https:\/\/www.blau-weiss-spandau.de\/wordpress\/wp-json\/wp\/v2\/types\/post"}],"author":[{"embeddable":true,"href":"https:\/\/www.blau-weiss-spandau.de\/wordpress\/wp-json\/wp\/v2\/users\/47"}],"replies":[{"embeddable":true,"href":"https:\/\/www.blau-weiss-spandau.de\/wordpress\/wp-json\/wp\/v2\/comments?post=10788"}],"version-history":[{"count":4,"href":"https:\/\/www.blau-weiss-spandau.de\/wordpress\/wp-json\/wp\/v2\/posts\/10788\/revisions"}],"predecessor-version":[{"id":10798,"href":"https:\/\/www.blau-weiss-spandau.de\/wordpress\/wp-json\/wp\/v2\/posts\/10788\/revisions\/10798"}],"wp:featuredmedia":[{"embeddable":true,"href":"https:\/\/www.blau-weiss-spandau.de\/wordpress\/wp-json\/wp\/v2\/media\/10795"}],"wp:attachment":[{"href":"https:\/\/www.blau-weiss-spandau.de\/wordpress\/wp-json\/wp\/v2\/media?parent=10788"}],"wp:term":[{"taxonomy":"category","embeddable":true,"href":"https:\/\/www.blau-weiss-spandau.de\/wordpress\/wp-json\/wp\/v2\/categories?post=10788"},{"taxonomy":"post_tag","embeddable":true,"href":"https:\/\/www.blau-weiss-spandau.de\/wordpress\/wp-json\/wp\/v2\/tags?post=10788"}],"curies":[{"name":"wp","href":"https:\/\/api.w.org\/{rel}","templated":true}]}}