{"id":10981,"date":"2023-12-13T16:53:01","date_gmt":"2023-12-13T15:53:01","guid":{"rendered":"https:\/\/www.blau-weiss-spandau.de\/wordpress\/?p=10981"},"modified":"2023-12-13T16:53:01","modified_gmt":"2023-12-13T15:53:01","slug":"fuer-umwelt-und-verein-mehrweggeschirr-led-licht-und-vieles-mehr","status":"publish","type":"post","link":"https:\/\/www.blau-weiss-spandau.de\/wordpress\/fuer-umwelt-und-verein-mehrweggeschirr-led-licht-und-vieles-mehr\/","title":{"rendered":"F\u00fcr Umwelt und Verein: Mehrweggeschirr, LED-Licht und vieles mehr"},"content":{"rendered":"<div class=\"fusion-fullwidth fullwidth-box fusion-builder-row-1 fusion-flex-container has-pattern-background has-mask-background nonhundred-percent-fullwidth non-hundred-percent-height-scrolling\" style=\"--awb-border-radius-top-left:0px;--awb-border-radius-top-right:0px;--awb-border-radius-bottom-right:0px;--awb-border-radius-bottom-left:0px;--awb-flex-wrap:wrap;\" ><div class=\"fusion-builder-row fusion-row fusion-flex-align-items-flex-start fusion-flex-content-wrap\" style=\"max-width:1302px;margin-left: calc(-5% \/ 2 );margin-right: calc(-5% \/ 2 );\"><div class=\"fusion-layout-column fusion_builder_column fusion-builder-column-0 fusion_builder_column_1_1 1_1 fusion-flex-column\" style=\"--awb-bg-size:cover;--awb-width-large:100%;--awb-margin-top-large:0px;--awb-spacing-right-large:2.375%;--awb-margin-bottom-large:0px;--awb-spacing-left-large:2.375%;--awb-width-medium:100%;--awb-order-medium:0;--awb-spacing-right-medium:2.375%;--awb-spacing-left-medium:2.375%;--awb-width-small:100%;--awb-order-small:0;--awb-spacing-right-small:2.375%;--awb-spacing-left-small:2.375%;\"><div class=\"fusion-column-wrapper fusion-column-has-shadow fusion-flex-justify-content-flex-start fusion-content-layout-column\"><div class=\"fusion-text fusion-text-1\"><p><strong>Berlin als Gastgeberstadt der UEFA EURO 2024 will das Sportereignis <\/strong><strong>auch nutzen, um das Thema Nachhaltigkeit zu thematisieren. Projekte werden unterst\u00fctzt, die Mehrwerte f\u00fcr die Berlinerinnen und Berliner erzielen. Blau-Weiss Spandau bewarb sich f\u00fcr eine Projektf\u00f6rderung und bekam eine F\u00f6rderzusage. Mit finanzieller Unterst\u00fctzung des Landes Berlin wurden Mehrwegbecher- und teller, ein Industriegeschirrsp\u00fcler, LED-Leuchten sowie neue M\u00fclltonen gekauft. Plastik wird gespart, die M\u00fclltrennung wurde verbessert. Stromfressende Lampen wurden ausgetauscht. All das spart Ressourcen und Geld f\u00fcr den Verein. <\/strong><\/p>\n<p>\u00dcber 300 Sportlerinnen und Sportler spielen regelm\u00e4\u00dfig auf dem Platz in der Wilhelmstra\u00dfe 10. Viele Fans, Freunde, Eltern und Angeh\u00f6rige begleiten die Mannschaften. Der Verein tr\u00e4gt damit eine besondere Verantwortung in der Wilhelmstadt. Der Verein nimmt seine Verantwortung wahr und k\u00fcmmert sich um die sportliche und pers\u00f6nliche Entwicklung der Spielerinnen und Spieler. Vereinsarbeit ist dabei aber mehr als Fu\u00dfball spielen. Wer in jungen Jahren eine Sportart aus\u00fcbt, bleibt mit ihr und dem Verein lang verbunden. Die Werte des Vereins und das Vorleben des Vereins legen den Grundstein f\u00fcr zuk\u00fcnftiges Verhalten. <em>\u201eBlau-Weiss m\u00f6chte nat\u00fcrlich guten Fu\u00dfball spielen und als Fu\u00dfballverein gut in Erinnerung bleiben, wir m\u00f6chten aber auch Vorbild im Bereich Nachhaltigkeit sein\u201c<\/em>, so Bernd Schuster, 1. Vorsitzender von Blau-Weiss. Nachhaltigkeit kostet oft erstmal Geld, Dinge m\u00fcssen beschafft werden.<\/p>\n<p><strong>Ansto\u00df f\u00fcr Nachhaltigkeit <\/strong><\/p>\n<p>Ein Mehrwegsystem f\u00fcr Becher sollte eingef\u00fchrt werden, die M\u00fclltrennung sollte verbessert werden. Stromfressende Leuchten sollten durch sparsame LED-Lampen getauscht werden. Der Verein kalkulierte und suchte nach geeigneten F\u00f6rderm\u00f6glichkeiten. F\u00fcndig wurde Blau-Weiss beim Projekt Nachhaltige EURO 2024. Das Projekt ist Teil des Nachhaltigkeitsprogramms der Sportmetropole Berlin zur UEFA EURO 2024. <em>\u201eWir haben beschlossen bei dem Projekt mitzumachen und einen Antrag zu stellen, dieser wurde bewilligt und los ging\u2019s\u201c<\/em>, so Schuster weiter.<\/p>\n<p><strong>Neue blau-wei\u00dfe Becher statt Wegwerfplastik<\/strong><\/p>\n<p>Im Vereinsheim wurden Kaffee, Tee und Cola in Einwegbechern oder Snacks auf Einwegtellern serviert. Dabei fiel regelm\u00e4\u00dfig viel M\u00fcll an. Blau-Weiss wollte eine aktive M\u00fcllvermeidung. Dazu musste die vielen Einwegbecher und -teller ersetzt werden. <em>\u201eEigentlich ist es ganz einfach, wir m\u00f6chten den Spielerinnen und Spielern, Fans, Freunden, Eltern und Angeh\u00f6rigen zeigen und vorleben, dass M\u00fcll vermeiden besser ist, als M\u00fcll zu produzieren und zu verwerten<\/em>\u201c, so Schuster weiter, \u201e<em>also musste irgendwie Mehrweg her<\/em>.\u201c Die folgenden Artikel wurden beschafft und werden rege benutzt:<\/p>\n<ul>\n<li>Industriegeschirrsp\u00fcler und Zubeh\u00f6r,<\/li>\n<li>Kaffeebecher,<\/li>\n<li>Kaltgetr\u00e4nkebecher in unterschiedlichen Gr\u00f6\u00dfen,<\/li>\n<li>Pommes- und Currywurstschalen und<\/li>\n<li>Teller.<\/li>\n<\/ul>\n<\/div><\/div><\/div><div class=\"fusion-layout-column fusion_builder_column fusion-builder-column-1 fusion_builder_column_1_2 1_2 fusion-flex-column\" style=\"--awb-bg-size:cover;--awb-width-large:50%;--awb-margin-top-large:0px;--awb-spacing-right-large:4.75%;--awb-margin-bottom-large:0px;--awb-spacing-left-large:4.75%;--awb-width-medium:50%;--awb-order-medium:0;--awb-spacing-right-medium:4.75%;--awb-spacing-left-medium:4.75%;--awb-width-small:100%;--awb-order-small:0;--awb-spacing-right-small:2.375%;--awb-spacing-left-small:2.375%;\"><div class=\"fusion-column-wrapper fusion-column-has-shadow fusion-flex-justify-content-flex-start fusion-content-layout-column\"><div class=\"fusion-text fusion-text-2\"><div id=\"attachment_10984\" style=\"width: 410px\" class=\"wp-caption alignnone\"><a href=\"https:\/\/www.blau-weiss-spandau.de\/wordpress\/wp-content\/uploads\/2023\/12\/Becher-scaled.jpg\"><img decoding=\"async\" aria-describedby=\"caption-attachment-10984\" class=\"lazyload wp-image-10984 size-fusion-400\" src=\"https:\/\/www.blau-weiss-spandau.de\/wordpress\/wp-content\/uploads\/2023\/12\/Becher-400x295.jpg\" data-orig-src=\"https:\/\/www.blau-weiss-spandau.de\/wordpress\/wp-content\/uploads\/2023\/12\/Becher-400x295.jpg\" alt=\"Getr\u00e4nke-\/Kaffeebecher \" width=\"400\" height=\"295\" srcset=\"data:image\/svg+xml,%3Csvg%20xmlns%3D%27http%3A%2F%2Fwww.w3.org%2F2000%2Fsvg%27%20width%3D%27400%27%20height%3D%27295%27%20viewBox%3D%270%200%20400%20295%27%3E%3Crect%20width%3D%27400%27%20height%3D%27295%27%20fill-opacity%3D%220%22%2F%3E%3C%2Fsvg%3E\" data-srcset=\"https:\/\/www.blau-weiss-spandau.de\/wordpress\/wp-content\/uploads\/2023\/12\/Becher-200x148.jpg 200w, https:\/\/www.blau-weiss-spandau.de\/wordpress\/wp-content\/uploads\/2023\/12\/Becher-300x221.jpg 300w, https:\/\/www.blau-weiss-spandau.de\/wordpress\/wp-content\/uploads\/2023\/12\/Becher-400x295.jpg 400w, https:\/\/www.blau-weiss-spandau.de\/wordpress\/wp-content\/uploads\/2023\/12\/Becher-600x443.jpg 600w, https:\/\/www.blau-weiss-spandau.de\/wordpress\/wp-content\/uploads\/2023\/12\/Becher-768x567.jpg 768w, https:\/\/www.blau-weiss-spandau.de\/wordpress\/wp-content\/uploads\/2023\/12\/Becher-800x590.jpg 800w, https:\/\/www.blau-weiss-spandau.de\/wordpress\/wp-content\/uploads\/2023\/12\/Becher-1024x755.jpg 1024w, https:\/\/www.blau-weiss-spandau.de\/wordpress\/wp-content\/uploads\/2023\/12\/Becher-1200x885.jpg 1200w, https:\/\/www.blau-weiss-spandau.de\/wordpress\/wp-content\/uploads\/2023\/12\/Becher-1536x1133.jpg 1536w\" data-sizes=\"auto\" data-orig-sizes=\"(max-width: 400px) 100vw, 400px\" \/><\/a><p id=\"caption-attachment-10984\" class=\"wp-caption-text\">Getr\u00e4nke-\/Kaffeebecher<\/p><\/div>\n<\/div><\/div><\/div><div class=\"fusion-layout-column fusion_builder_column fusion-builder-column-2 fusion_builder_column_1_2 1_2 fusion-flex-column\" style=\"--awb-bg-size:cover;--awb-width-large:50%;--awb-margin-top-large:0px;--awb-spacing-right-large:4.75%;--awb-margin-bottom-large:0px;--awb-spacing-left-large:4.75%;--awb-width-medium:50%;--awb-order-medium:0;--awb-spacing-right-medium:4.75%;--awb-spacing-left-medium:4.75%;--awb-width-small:100%;--awb-order-small:0;--awb-spacing-right-small:2.375%;--awb-spacing-left-small:2.375%;\"><div class=\"fusion-column-wrapper fusion-column-has-shadow fusion-flex-justify-content-flex-start fusion-content-layout-column\"><div class=\"fusion-text fusion-text-3\"><div id=\"attachment_10986\" style=\"width: 410px\" class=\"wp-caption alignnone\"><a href=\"https:\/\/www.blau-weiss-spandau.de\/wordpress\/wp-content\/uploads\/2023\/12\/Teller-scaled.jpg\"><img decoding=\"async\" aria-describedby=\"caption-attachment-10986\" class=\"lazyload wp-image-10986 size-fusion-400\" src=\"https:\/\/www.blau-weiss-spandau.de\/wordpress\/wp-content\/uploads\/2023\/12\/Teller-400x300.jpg\" data-orig-src=\"https:\/\/www.blau-weiss-spandau.de\/wordpress\/wp-content\/uploads\/2023\/12\/Teller-400x300.jpg\" alt=\"Pommes- und Currywurstschalen, Teller\" width=\"400\" height=\"300\" srcset=\"data:image\/svg+xml,%3Csvg%20xmlns%3D%27http%3A%2F%2Fwww.w3.org%2F2000%2Fsvg%27%20width%3D%27400%27%20height%3D%27300%27%20viewBox%3D%270%200%20400%20300%27%3E%3Crect%20width%3D%27400%27%20height%3D%27300%27%20fill-opacity%3D%220%22%2F%3E%3C%2Fsvg%3E\" data-srcset=\"https:\/\/www.blau-weiss-spandau.de\/wordpress\/wp-content\/uploads\/2023\/12\/Teller-200x150.jpg 200w, https:\/\/www.blau-weiss-spandau.de\/wordpress\/wp-content\/uploads\/2023\/12\/Teller-300x225.jpg 300w, https:\/\/www.blau-weiss-spandau.de\/wordpress\/wp-content\/uploads\/2023\/12\/Teller-400x300.jpg 400w, https:\/\/www.blau-weiss-spandau.de\/wordpress\/wp-content\/uploads\/2023\/12\/Teller-600x450.jpg 600w, https:\/\/www.blau-weiss-spandau.de\/wordpress\/wp-content\/uploads\/2023\/12\/Teller-768x576.jpg 768w, https:\/\/www.blau-weiss-spandau.de\/wordpress\/wp-content\/uploads\/2023\/12\/Teller-800x600.jpg 800w, https:\/\/www.blau-weiss-spandau.de\/wordpress\/wp-content\/uploads\/2023\/12\/Teller-1024x768.jpg 1024w, https:\/\/www.blau-weiss-spandau.de\/wordpress\/wp-content\/uploads\/2023\/12\/Teller-1200x900.jpg 1200w, https:\/\/www.blau-weiss-spandau.de\/wordpress\/wp-content\/uploads\/2023\/12\/Teller-1536x1152.jpg 1536w\" data-sizes=\"auto\" data-orig-sizes=\"(max-width: 400px) 100vw, 400px\" \/><\/a><p id=\"caption-attachment-10986\" class=\"wp-caption-text\">Pommes- und Currywurstschalen, Teller<\/p><\/div>\n<\/div><\/div><\/div><div class=\"fusion-layout-column fusion_builder_column fusion-builder-column-3 fusion_builder_column_1_1 1_1 fusion-flex-column\" style=\"--awb-bg-size:cover;--awb-width-large:100%;--awb-margin-top-large:0px;--awb-spacing-right-large:2.375%;--awb-margin-bottom-large:0px;--awb-spacing-left-large:2.375%;--awb-width-medium:100%;--awb-order-medium:0;--awb-spacing-right-medium:2.375%;--awb-spacing-left-medium:2.375%;--awb-width-small:100%;--awb-order-small:0;--awb-spacing-right-small:2.375%;--awb-spacing-left-small:2.375%;\"><div class=\"fusion-column-wrapper fusion-column-has-shadow fusion-flex-justify-content-flex-start fusion-content-layout-column\"><div class=\"fusion-text fusion-text-4\"><p><strong>M\u00fcll trennen \u2013 leerere Tonnen \u2013 weniger M\u00fcllgeb\u00fchren<\/strong><\/p>\n<p>Das Thema M\u00fclltrennung h\u00e4ngt nat\u00fcrlich direkt mit der Vermeidung von Plastikm\u00fcll zusammen. Der verbliebene M\u00fcll wird getrennt, die gro\u00dfen Tonnen zur Abholung durch das Entsorgungsunternehmen sind leerer. <em>\u201eZuk\u00fcnftig sollen die gro\u00dfen M\u00fclltonnen des Entsorgungsfachbetriebes gegen kleinere Tonnen getauscht werden, um so auch M\u00fcllentsorgungsgeb\u00fchren f\u00fcr den Verein zu sparen,\u201c<\/em> sagt David Ruby, Gesch\u00e4ftsf\u00fchrer von Blau-Weiss. M\u00fclltrennung ist umweltfreundlich, kostensparend und ressourcenschonend.<\/p>\n<p>Im Vorfeld wurde von Blau-Weiss in einer nicht repr\u00e4sentativen Umfrage abgefragt, was auf einem Sportplatz Hemmnisse zum M\u00fclltrennen sind. Erstaunlicherweise m\u00f6chten Menschen keine M\u00fclltonnen anfassen. Das hat sich auf die Bestellungen der M\u00fclltonnen ausgewirkt. Die Au\u00dfenm\u00fclltonen haben einen Tritt und k\u00f6nnen mit dem Fu\u00df ge\u00f6ffnet werden. M\u00fclltrennen wird damit ganz einfach. <em>\u201eDabei war nicht jedem klar, dass eine schwarze Tonne f\u00fcr Restm\u00fcll und eine gelbe Tonne f\u00fcr Plastikm\u00fcll ist, aber nicht schlimm, wir haben Aufkleber beschafft und raufgeklebt\u201c<\/em>, so Schuster.<\/p>\n<p>Im Innenbereich setzte Blau-Weiss auf einen elektrischen M\u00fclleimer, der sich automatisch \u00f6ffnet. Anfassen nicht mehr notwendig, zudem macht M\u00fclltrennen so insbesondere Kindern richtig Spa\u00df.<\/p>\n<\/div><\/div><\/div><div class=\"fusion-layout-column fusion_builder_column fusion-builder-column-4 fusion_builder_column_1_2 1_2 fusion-flex-column\" style=\"--awb-bg-size:cover;--awb-width-large:50%;--awb-margin-top-large:0px;--awb-spacing-right-large:4.75%;--awb-margin-bottom-large:0px;--awb-spacing-left-large:4.75%;--awb-width-medium:50%;--awb-order-medium:0;--awb-spacing-right-medium:4.75%;--awb-spacing-left-medium:4.75%;--awb-width-small:100%;--awb-order-small:0;--awb-spacing-right-small:2.375%;--awb-spacing-left-small:2.375%;\"><div class=\"fusion-column-wrapper fusion-column-has-shadow fusion-flex-justify-content-flex-start fusion-content-layout-column\"><div class=\"fusion-text fusion-text-5\"><div id=\"attachment_10988\" style=\"width: 410px\" class=\"wp-caption alignnone\"><a href=\"https:\/\/www.blau-weiss-spandau.de\/wordpress\/wp-content\/uploads\/2023\/12\/Muelleimer-aussen-scaled.jpg\"><img decoding=\"async\" aria-describedby=\"caption-attachment-10988\" class=\"lazyload wp-image-10988 size-fusion-400\" src=\"https:\/\/www.blau-weiss-spandau.de\/wordpress\/wp-content\/uploads\/2023\/12\/Muelleimer-aussen-400x533.jpg\" data-orig-src=\"https:\/\/www.blau-weiss-spandau.de\/wordpress\/wp-content\/uploads\/2023\/12\/Muelleimer-aussen-400x533.jpg\" alt=\"Au\u00dfenm\u00fclltonnen\" width=\"400\" height=\"533\" srcset=\"data:image\/svg+xml,%3Csvg%20xmlns%3D%27http%3A%2F%2Fwww.w3.org%2F2000%2Fsvg%27%20width%3D%27400%27%20height%3D%27533%27%20viewBox%3D%270%200%20400%20533%27%3E%3Crect%20width%3D%27400%27%20height%3D%27533%27%20fill-opacity%3D%220%22%2F%3E%3C%2Fsvg%3E\" data-srcset=\"https:\/\/www.blau-weiss-spandau.de\/wordpress\/wp-content\/uploads\/2023\/12\/Muelleimer-aussen-200x267.jpg 200w, https:\/\/www.blau-weiss-spandau.de\/wordpress\/wp-content\/uploads\/2023\/12\/Muelleimer-aussen-225x300.jpg 225w, https:\/\/www.blau-weiss-spandau.de\/wordpress\/wp-content\/uploads\/2023\/12\/Muelleimer-aussen-400x533.jpg 400w, https:\/\/www.blau-weiss-spandau.de\/wordpress\/wp-content\/uploads\/2023\/12\/Muelleimer-aussen-600x800.jpg 600w, https:\/\/www.blau-weiss-spandau.de\/wordpress\/wp-content\/uploads\/2023\/12\/Muelleimer-aussen-768x1024.jpg 768w, https:\/\/www.blau-weiss-spandau.de\/wordpress\/wp-content\/uploads\/2023\/12\/Muelleimer-aussen-800x1067.jpg 800w, https:\/\/www.blau-weiss-spandau.de\/wordpress\/wp-content\/uploads\/2023\/12\/Muelleimer-aussen-1152x1536.jpg 1152w, https:\/\/www.blau-weiss-spandau.de\/wordpress\/wp-content\/uploads\/2023\/12\/Muelleimer-aussen-1200x1600.jpg 1200w, https:\/\/www.blau-weiss-spandau.de\/wordpress\/wp-content\/uploads\/2023\/12\/Muelleimer-aussen-1536x2048.jpg 1536w, https:\/\/www.blau-weiss-spandau.de\/wordpress\/wp-content\/uploads\/2023\/12\/Muelleimer-aussen-scaled.jpg 1920w\" data-sizes=\"auto\" data-orig-sizes=\"(max-width: 400px) 100vw, 400px\" \/><\/a><p id=\"caption-attachment-10988\" class=\"wp-caption-text\">Au\u00dfenm\u00fclltonnen<\/p><\/div>\n<\/div><\/div><\/div><div class=\"fusion-layout-column fusion_builder_column fusion-builder-column-5 fusion_builder_column_1_2 1_2 fusion-flex-column\" style=\"--awb-bg-size:cover;--awb-width-large:50%;--awb-margin-top-large:0px;--awb-spacing-right-large:4.75%;--awb-margin-bottom-large:0px;--awb-spacing-left-large:4.75%;--awb-width-medium:50%;--awb-order-medium:0;--awb-spacing-right-medium:4.75%;--awb-spacing-left-medium:4.75%;--awb-width-small:100%;--awb-order-small:0;--awb-spacing-right-small:2.375%;--awb-spacing-left-small:2.375%;\"><div class=\"fusion-column-wrapper fusion-column-has-shadow fusion-flex-justify-content-flex-start fusion-content-layout-column\"><div class=\"fusion-text fusion-text-6\"><div id=\"attachment_10989\" style=\"width: 410px\" class=\"wp-caption alignnone\"><a href=\"https:\/\/www.blau-weiss-spandau.de\/wordpress\/wp-content\/uploads\/2023\/12\/Muelleimer-innen-scaled.jpg\"><img decoding=\"async\" aria-describedby=\"caption-attachment-10989\" class=\"lazyload wp-image-10989 size-fusion-400\" src=\"https:\/\/www.blau-weiss-spandau.de\/wordpress\/wp-content\/uploads\/2023\/12\/Muelleimer-innen-400x533.jpg\" data-orig-src=\"https:\/\/www.blau-weiss-spandau.de\/wordpress\/wp-content\/uploads\/2023\/12\/Muelleimer-innen-400x533.jpg\" alt=\"M\u00fclleimer innen\" width=\"400\" height=\"533\" srcset=\"data:image\/svg+xml,%3Csvg%20xmlns%3D%27http%3A%2F%2Fwww.w3.org%2F2000%2Fsvg%27%20width%3D%27400%27%20height%3D%27533%27%20viewBox%3D%270%200%20400%20533%27%3E%3Crect%20width%3D%27400%27%20height%3D%27533%27%20fill-opacity%3D%220%22%2F%3E%3C%2Fsvg%3E\" data-srcset=\"https:\/\/www.blau-weiss-spandau.de\/wordpress\/wp-content\/uploads\/2023\/12\/Muelleimer-innen-200x267.jpg 200w, https:\/\/www.blau-weiss-spandau.de\/wordpress\/wp-content\/uploads\/2023\/12\/Muelleimer-innen-225x300.jpg 225w, https:\/\/www.blau-weiss-spandau.de\/wordpress\/wp-content\/uploads\/2023\/12\/Muelleimer-innen-400x533.jpg 400w, https:\/\/www.blau-weiss-spandau.de\/wordpress\/wp-content\/uploads\/2023\/12\/Muelleimer-innen-600x800.jpg 600w, https:\/\/www.blau-weiss-spandau.de\/wordpress\/wp-content\/uploads\/2023\/12\/Muelleimer-innen-768x1024.jpg 768w, https:\/\/www.blau-weiss-spandau.de\/wordpress\/wp-content\/uploads\/2023\/12\/Muelleimer-innen-800x1067.jpg 800w, https:\/\/www.blau-weiss-spandau.de\/wordpress\/wp-content\/uploads\/2023\/12\/Muelleimer-innen-1152x1536.jpg 1152w, https:\/\/www.blau-weiss-spandau.de\/wordpress\/wp-content\/uploads\/2023\/12\/Muelleimer-innen-1200x1600.jpg 1200w, https:\/\/www.blau-weiss-spandau.de\/wordpress\/wp-content\/uploads\/2023\/12\/Muelleimer-innen-1536x2048.jpg 1536w, https:\/\/www.blau-weiss-spandau.de\/wordpress\/wp-content\/uploads\/2023\/12\/Muelleimer-innen-scaled.jpg 1920w\" data-sizes=\"auto\" data-orig-sizes=\"(max-width: 400px) 100vw, 400px\" \/><\/a><p id=\"caption-attachment-10989\" class=\"wp-caption-text\">M\u00fclleimer innen<\/p><\/div>\n<\/div><\/div><\/div><div class=\"fusion-layout-column fusion_builder_column fusion-builder-column-6 fusion_builder_column_1_1 1_1 fusion-flex-column\" style=\"--awb-bg-size:cover;--awb-width-large:100%;--awb-margin-top-large:0px;--awb-spacing-right-large:2.375%;--awb-margin-bottom-large:0px;--awb-spacing-left-large:2.375%;--awb-width-medium:100%;--awb-order-medium:0;--awb-spacing-right-medium:2.375%;--awb-spacing-left-medium:2.375%;--awb-width-small:100%;--awb-order-small:0;--awb-spacing-right-small:2.375%;--awb-spacing-left-small:2.375%;\"><div class=\"fusion-column-wrapper fusion-column-has-shadow fusion-flex-justify-content-flex-start fusion-content-layout-column\"><div class=\"fusion-text fusion-text-7\"><p>Die Innenbeleuchtung wurde ebenfalls ausgetauscht. Stromfressende 100W Halogenleuchten wurden durch sparsame 18W LED Quadrat Deckenleuchten ersetzt.<\/p>\n<p>Auch der Austausch von Leuchten mit LED-Lampen war damit ein voller Erfolg. Stromkosten werden jetzt und zuk\u00fcnftig gespart.<\/p>\n<p><em>\u201eDer Nachahmungseffekt ist hier nicht zu untersch\u00e4tzen, auch andere Vereine, die zu den Heimspielen von Blau-Weiss Spandau kamen, waren an der Idee und Umsetzung des Projektes sehr interessiert\u201c<\/em>, so Schuster.<\/p>\n<\/div><\/div><\/div><div class=\"fusion-layout-column fusion_builder_column fusion-builder-column-7 fusion_builder_column_1_4 1_4 fusion-flex-column\" style=\"--awb-bg-size:cover;--awb-width-large:25%;--awb-margin-top-large:0px;--awb-spacing-right-large:9.5%;--awb-margin-bottom-large:0px;--awb-spacing-left-large:9.5%;--awb-width-medium:25%;--awb-order-medium:0;--awb-spacing-right-medium:9.5%;--awb-spacing-left-medium:9.5%;--awb-width-small:100%;--awb-order-small:0;--awb-spacing-right-small:2.375%;--awb-spacing-left-small:2.375%;\"><div class=\"fusion-column-wrapper fusion-column-has-shadow fusion-flex-justify-content-flex-start fusion-content-layout-column\"><div class=\"fusion-text fusion-text-8\"><div id=\"attachment_10991\" style=\"width: 410px\" class=\"wp-caption alignnone\"><a href=\"https:\/\/www.blau-weiss-spandau.de\/wordpress\/wp-content\/uploads\/2023\/12\/Aussenleuchte-alt-scaled.jpg\"><img decoding=\"async\" aria-describedby=\"caption-attachment-10991\" class=\"lazyload wp-image-10991 size-fusion-400\" src=\"https:\/\/www.blau-weiss-spandau.de\/wordpress\/wp-content\/uploads\/2023\/12\/Aussenleuchte-alt-400x533.jpg\" data-orig-src=\"https:\/\/www.blau-weiss-spandau.de\/wordpress\/wp-content\/uploads\/2023\/12\/Aussenleuchte-alt-400x533.jpg\" alt=\"alte Au\u00dfenleuchten\" width=\"400\" height=\"533\" srcset=\"data:image\/svg+xml,%3Csvg%20xmlns%3D%27http%3A%2F%2Fwww.w3.org%2F2000%2Fsvg%27%20width%3D%27400%27%20height%3D%27533%27%20viewBox%3D%270%200%20400%20533%27%3E%3Crect%20width%3D%27400%27%20height%3D%27533%27%20fill-opacity%3D%220%22%2F%3E%3C%2Fsvg%3E\" data-srcset=\"https:\/\/www.blau-weiss-spandau.de\/wordpress\/wp-content\/uploads\/2023\/12\/Aussenleuchte-alt-200x267.jpg 200w, https:\/\/www.blau-weiss-spandau.de\/wordpress\/wp-content\/uploads\/2023\/12\/Aussenleuchte-alt-225x300.jpg 225w, https:\/\/www.blau-weiss-spandau.de\/wordpress\/wp-content\/uploads\/2023\/12\/Aussenleuchte-alt-400x533.jpg 400w, https:\/\/www.blau-weiss-spandau.de\/wordpress\/wp-content\/uploads\/2023\/12\/Aussenleuchte-alt-600x800.jpg 600w, https:\/\/www.blau-weiss-spandau.de\/wordpress\/wp-content\/uploads\/2023\/12\/Aussenleuchte-alt-768x1024.jpg 768w, https:\/\/www.blau-weiss-spandau.de\/wordpress\/wp-content\/uploads\/2023\/12\/Aussenleuchte-alt-800x1067.jpg 800w, https:\/\/www.blau-weiss-spandau.de\/wordpress\/wp-content\/uploads\/2023\/12\/Aussenleuchte-alt-1152x1536.jpg 1152w, https:\/\/www.blau-weiss-spandau.de\/wordpress\/wp-content\/uploads\/2023\/12\/Aussenleuchte-alt-1200x1600.jpg 1200w, https:\/\/www.blau-weiss-spandau.de\/wordpress\/wp-content\/uploads\/2023\/12\/Aussenleuchte-alt-1536x2048.jpg 1536w, https:\/\/www.blau-weiss-spandau.de\/wordpress\/wp-content\/uploads\/2023\/12\/Aussenleuchte-alt-scaled.jpg 1920w\" data-sizes=\"auto\" data-orig-sizes=\"(max-width: 400px) 100vw, 400px\" \/><\/a><p id=\"caption-attachment-10991\" class=\"wp-caption-text\">alte Au\u00dfenleuchten<\/p><\/div>\n<\/div><\/div><\/div><div class=\"fusion-layout-column fusion_builder_column fusion-builder-column-8 fusion_builder_column_1_4 1_4 fusion-flex-column\" style=\"--awb-bg-size:cover;--awb-width-large:25%;--awb-margin-top-large:0px;--awb-spacing-right-large:9.5%;--awb-margin-bottom-large:0px;--awb-spacing-left-large:9.5%;--awb-width-medium:25%;--awb-order-medium:0;--awb-spacing-right-medium:9.5%;--awb-spacing-left-medium:9.5%;--awb-width-small:100%;--awb-order-small:0;--awb-spacing-right-small:2.375%;--awb-spacing-left-small:2.375%;\"><div class=\"fusion-column-wrapper fusion-column-has-shadow fusion-flex-justify-content-flex-start fusion-content-layout-column\"><div class=\"fusion-text fusion-text-9\"><div id=\"attachment_10992\" style=\"width: 410px\" class=\"wp-caption alignnone\"><a href=\"https:\/\/www.blau-weiss-spandau.de\/wordpress\/wp-content\/uploads\/2023\/12\/Aussenleuchte-neu-scaled.jpg\"><img decoding=\"async\" aria-describedby=\"caption-attachment-10992\" class=\"lazyload wp-image-10992 size-fusion-400\" src=\"https:\/\/www.blau-weiss-spandau.de\/wordpress\/wp-content\/uploads\/2023\/12\/Aussenleuchte-neu-400x300.jpg\" data-orig-src=\"https:\/\/www.blau-weiss-spandau.de\/wordpress\/wp-content\/uploads\/2023\/12\/Aussenleuchte-neu-400x300.jpg\" alt=\"Au\u00dfenleuchten installiert\" width=\"400\" height=\"300\" srcset=\"data:image\/svg+xml,%3Csvg%20xmlns%3D%27http%3A%2F%2Fwww.w3.org%2F2000%2Fsvg%27%20width%3D%27400%27%20height%3D%27300%27%20viewBox%3D%270%200%20400%20300%27%3E%3Crect%20width%3D%27400%27%20height%3D%27300%27%20fill-opacity%3D%220%22%2F%3E%3C%2Fsvg%3E\" data-srcset=\"https:\/\/www.blau-weiss-spandau.de\/wordpress\/wp-content\/uploads\/2023\/12\/Aussenleuchte-neu-200x150.jpg 200w, https:\/\/www.blau-weiss-spandau.de\/wordpress\/wp-content\/uploads\/2023\/12\/Aussenleuchte-neu-300x225.jpg 300w, https:\/\/www.blau-weiss-spandau.de\/wordpress\/wp-content\/uploads\/2023\/12\/Aussenleuchte-neu-400x300.jpg 400w, https:\/\/www.blau-weiss-spandau.de\/wordpress\/wp-content\/uploads\/2023\/12\/Aussenleuchte-neu-600x449.jpg 600w, https:\/\/www.blau-weiss-spandau.de\/wordpress\/wp-content\/uploads\/2023\/12\/Aussenleuchte-neu-768x575.jpg 768w, https:\/\/www.blau-weiss-spandau.de\/wordpress\/wp-content\/uploads\/2023\/12\/Aussenleuchte-neu-800x599.jpg 800w, https:\/\/www.blau-weiss-spandau.de\/wordpress\/wp-content\/uploads\/2023\/12\/Aussenleuchte-neu-1024x767.jpg 1024w, https:\/\/www.blau-weiss-spandau.de\/wordpress\/wp-content\/uploads\/2023\/12\/Aussenleuchte-neu-1200x899.jpg 1200w, https:\/\/www.blau-weiss-spandau.de\/wordpress\/wp-content\/uploads\/2023\/12\/Aussenleuchte-neu-1536x1150.jpg 1536w\" data-sizes=\"auto\" data-orig-sizes=\"(max-width: 400px) 100vw, 400px\" \/><\/a><p id=\"caption-attachment-10992\" class=\"wp-caption-text\">Au\u00dfenleuchten installiert<\/p><\/div>\n<\/div><\/div><\/div><div class=\"fusion-layout-column fusion_builder_column fusion-builder-column-9 fusion_builder_column_1_4 1_4 fusion-flex-column\" style=\"--awb-bg-size:cover;--awb-width-large:25%;--awb-margin-top-large:0px;--awb-spacing-right-large:9.5%;--awb-margin-bottom-large:0px;--awb-spacing-left-large:9.5%;--awb-width-medium:25%;--awb-order-medium:0;--awb-spacing-right-medium:9.5%;--awb-spacing-left-medium:9.5%;--awb-width-small:100%;--awb-order-small:0;--awb-spacing-right-small:2.375%;--awb-spacing-left-small:2.375%;\"><div class=\"fusion-column-wrapper fusion-column-has-shadow fusion-flex-justify-content-flex-start fusion-content-layout-column\"><div class=\"fusion-text fusion-text-10\"><div id=\"attachment_10994\" style=\"width: 410px\" class=\"wp-caption alignnone\"><a href=\"https:\/\/www.blau-weiss-spandau.de\/wordpress\/wp-content\/uploads\/2023\/12\/IMG_2706-scaled.jpg\"><img decoding=\"async\" aria-describedby=\"caption-attachment-10994\" class=\"lazyload wp-image-10994 size-fusion-400\" src=\"https:\/\/www.blau-weiss-spandau.de\/wordpress\/wp-content\/uploads\/2023\/12\/IMG_2706-400x533.jpg\" data-orig-src=\"https:\/\/www.blau-weiss-spandau.de\/wordpress\/wp-content\/uploads\/2023\/12\/IMG_2706-400x533.jpg\" alt=\"alte Innenleuchten\" width=\"400\" height=\"533\" srcset=\"data:image\/svg+xml,%3Csvg%20xmlns%3D%27http%3A%2F%2Fwww.w3.org%2F2000%2Fsvg%27%20width%3D%27400%27%20height%3D%27533%27%20viewBox%3D%270%200%20400%20533%27%3E%3Crect%20width%3D%27400%27%20height%3D%27533%27%20fill-opacity%3D%220%22%2F%3E%3C%2Fsvg%3E\" data-srcset=\"https:\/\/www.blau-weiss-spandau.de\/wordpress\/wp-content\/uploads\/2023\/12\/IMG_2706-200x267.jpg 200w, https:\/\/www.blau-weiss-spandau.de\/wordpress\/wp-content\/uploads\/2023\/12\/IMG_2706-225x300.jpg 225w, https:\/\/www.blau-weiss-spandau.de\/wordpress\/wp-content\/uploads\/2023\/12\/IMG_2706-400x533.jpg 400w, https:\/\/www.blau-weiss-spandau.de\/wordpress\/wp-content\/uploads\/2023\/12\/IMG_2706-600x800.jpg 600w, https:\/\/www.blau-weiss-spandau.de\/wordpress\/wp-content\/uploads\/2023\/12\/IMG_2706-768x1024.jpg 768w, https:\/\/www.blau-weiss-spandau.de\/wordpress\/wp-content\/uploads\/2023\/12\/IMG_2706-800x1067.jpg 800w, https:\/\/www.blau-weiss-spandau.de\/wordpress\/wp-content\/uploads\/2023\/12\/IMG_2706-1152x1536.jpg 1152w, https:\/\/www.blau-weiss-spandau.de\/wordpress\/wp-content\/uploads\/2023\/12\/IMG_2706-1200x1600.jpg 1200w, https:\/\/www.blau-weiss-spandau.de\/wordpress\/wp-content\/uploads\/2023\/12\/IMG_2706-1536x2048.jpg 1536w, https:\/\/www.blau-weiss-spandau.de\/wordpress\/wp-content\/uploads\/2023\/12\/IMG_2706-scaled.jpg 1920w\" data-sizes=\"auto\" data-orig-sizes=\"(max-width: 400px) 100vw, 400px\" \/><\/a><p id=\"caption-attachment-10994\" class=\"wp-caption-text\">alte Innenleuchten<\/p><\/div>\n<\/div><\/div><\/div><div class=\"fusion-layout-column fusion_builder_column fusion-builder-column-10 fusion_builder_column_1_4 1_4 fusion-flex-column\" style=\"--awb-bg-size:cover;--awb-width-large:25%;--awb-margin-top-large:0px;--awb-spacing-right-large:9.5%;--awb-margin-bottom-large:0px;--awb-spacing-left-large:9.5%;--awb-width-medium:25%;--awb-order-medium:0;--awb-spacing-right-medium:9.5%;--awb-spacing-left-medium:9.5%;--awb-width-small:100%;--awb-order-small:0;--awb-spacing-right-small:2.375%;--awb-spacing-left-small:2.375%;\"><div class=\"fusion-column-wrapper fusion-column-has-shadow fusion-flex-justify-content-flex-start fusion-content-layout-column\"><div class=\"fusion-text fusion-text-11\"><div id=\"attachment_10993\" style=\"width: 410px\" class=\"wp-caption alignnone\"><a href=\"https:\/\/www.blau-weiss-spandau.de\/wordpress\/wp-content\/uploads\/2023\/12\/Deckenleuchte-innen-scaled.jpg\"><img decoding=\"async\" aria-describedby=\"caption-attachment-10993\" class=\"lazyload wp-image-10993 size-fusion-400\" src=\"https:\/\/www.blau-weiss-spandau.de\/wordpress\/wp-content\/uploads\/2023\/12\/Deckenleuchte-innen-400x533.jpg\" data-orig-src=\"https:\/\/www.blau-weiss-spandau.de\/wordpress\/wp-content\/uploads\/2023\/12\/Deckenleuchte-innen-400x533.jpg\" alt=\"neue LED-Innenleuchten\" width=\"400\" height=\"533\" srcset=\"data:image\/svg+xml,%3Csvg%20xmlns%3D%27http%3A%2F%2Fwww.w3.org%2F2000%2Fsvg%27%20width%3D%27400%27%20height%3D%27533%27%20viewBox%3D%270%200%20400%20533%27%3E%3Crect%20width%3D%27400%27%20height%3D%27533%27%20fill-opacity%3D%220%22%2F%3E%3C%2Fsvg%3E\" data-srcset=\"https:\/\/www.blau-weiss-spandau.de\/wordpress\/wp-content\/uploads\/2023\/12\/Deckenleuchte-innen-200x267.jpg 200w, https:\/\/www.blau-weiss-spandau.de\/wordpress\/wp-content\/uploads\/2023\/12\/Deckenleuchte-innen-225x300.jpg 225w, https:\/\/www.blau-weiss-spandau.de\/wordpress\/wp-content\/uploads\/2023\/12\/Deckenleuchte-innen-400x533.jpg 400w, https:\/\/www.blau-weiss-spandau.de\/wordpress\/wp-content\/uploads\/2023\/12\/Deckenleuchte-innen-600x800.jpg 600w, https:\/\/www.blau-weiss-spandau.de\/wordpress\/wp-content\/uploads\/2023\/12\/Deckenleuchte-innen-768x1024.jpg 768w, https:\/\/www.blau-weiss-spandau.de\/wordpress\/wp-content\/uploads\/2023\/12\/Deckenleuchte-innen-800x1067.jpg 800w, https:\/\/www.blau-weiss-spandau.de\/wordpress\/wp-content\/uploads\/2023\/12\/Deckenleuchte-innen-1152x1536.jpg 1152w, https:\/\/www.blau-weiss-spandau.de\/wordpress\/wp-content\/uploads\/2023\/12\/Deckenleuchte-innen-1200x1600.jpg 1200w, https:\/\/www.blau-weiss-spandau.de\/wordpress\/wp-content\/uploads\/2023\/12\/Deckenleuchte-innen-1536x2048.jpg 1536w, https:\/\/www.blau-weiss-spandau.de\/wordpress\/wp-content\/uploads\/2023\/12\/Deckenleuchte-innen-scaled.jpg 1920w\" data-sizes=\"auto\" data-orig-sizes=\"(max-width: 400px) 100vw, 400px\" \/><\/a><p id=\"caption-attachment-10993\" class=\"wp-caption-text\">neue LED-Innenleuchten<\/p><\/div>\n<\/div><\/div><\/div><div class=\"fusion-layout-column fusion_builder_column fusion-builder-column-11 fusion_builder_column_1_1 1_1 fusion-flex-column\" style=\"--awb-bg-size:cover;--awb-width-large:100%;--awb-margin-top-large:0px;--awb-spacing-right-large:2.375%;--awb-margin-bottom-large:0px;--awb-spacing-left-large:2.375%;--awb-width-medium:100%;--awb-order-medium:0;--awb-spacing-right-medium:2.375%;--awb-spacing-left-medium:2.375%;--awb-width-small:100%;--awb-order-small:0;--awb-spacing-right-small:2.375%;--awb-spacing-left-small:2.375%;\"><div class=\"fusion-column-wrapper fusion-column-has-shadow fusion-flex-justify-content-flex-start fusion-content-layout-column\"><div class=\"fusion-text fusion-text-12\"><p><strong>Austausch von Leuchten mit LED-Lampen \u2013 spart Stromkosten<\/strong><\/p>\n<p>Die Innen- und Au\u00dfenbeleuchtung des Vereinsheims wurde noch mit stromfressenden Leuchten betrieben. Blau-Weiss hat die alten Au\u00dfenleuchten durch ultraeffiziente LED-Leuchten ersetzt. Die neuen LED-Au\u00dfenleuchten sparen bis zu 90 % an Energie im Vergleich zu den bisherigen Leuchtmitteln.<\/p>\n<p>Die Innenbeleuchtung wurde ebenfalls ausgetauscht. Stromfressende 100W Halogenleuchten wurden durch sparsame 18W LED Quadrat Deckenleuchten ersetzt.<\/p>\n<p>Auch der Austausch von Leuchten mit LED-Lampen war damit ein voller Erfolg. Stromkosten werden jetzt und zuk\u00fcnftig gespart.<\/p>\n<p><em>\u201eDer Nachahmungseffekt ist hier nicht zu untersch\u00e4tzen, auch andere Vereine, die zu den Heimspielen von Blau-Weiss Spandau kamen, waren an der Idee und Umsetzung des Projektes sehr interessiert\u201c<\/em>, so Schuster.<\/p>\n<p><a href=\"https:\/\/www.blau-weiss-spandau.de\/wordpress\/wp-content\/uploads\/2023\/12\/Unterstuetzung.png\"><img decoding=\"async\" class=\"lazyload alignnone size-fusion-800 wp-image-10975\" src=\"https:\/\/www.blau-weiss-spandau.de\/wordpress\/wp-content\/uploads\/2023\/12\/Unterstuetzung-800x566.png\" data-orig-src=\"https:\/\/www.blau-weiss-spandau.de\/wordpress\/wp-content\/uploads\/2023\/12\/Unterstuetzung-800x566.png\" alt=\"\" width=\"800\" height=\"566\" srcset=\"data:image\/svg+xml,%3Csvg%20xmlns%3D%27http%3A%2F%2Fwww.w3.org%2F2000%2Fsvg%27%20width%3D%27800%27%20height%3D%27566%27%20viewBox%3D%270%200%20800%20566%27%3E%3Crect%20width%3D%27800%27%20height%3D%27566%27%20fill-opacity%3D%220%22%2F%3E%3C%2Fsvg%3E\" data-srcset=\"https:\/\/www.blau-weiss-spandau.de\/wordpress\/wp-content\/uploads\/2023\/12\/Unterstuetzung-200x141.png 200w, https:\/\/www.blau-weiss-spandau.de\/wordpress\/wp-content\/uploads\/2023\/12\/Unterstuetzung-300x212.png 300w, https:\/\/www.blau-weiss-spandau.de\/wordpress\/wp-content\/uploads\/2023\/12\/Unterstuetzung-400x283.png 400w, https:\/\/www.blau-weiss-spandau.de\/wordpress\/wp-content\/uploads\/2023\/12\/Unterstuetzung-600x424.png 600w, https:\/\/www.blau-weiss-spandau.de\/wordpress\/wp-content\/uploads\/2023\/12\/Unterstuetzung-768x543.png 768w, https:\/\/www.blau-weiss-spandau.de\/wordpress\/wp-content\/uploads\/2023\/12\/Unterstuetzung-800x566.png 800w, https:\/\/www.blau-weiss-spandau.de\/wordpress\/wp-content\/uploads\/2023\/12\/Unterstuetzung-1024x724.png 1024w, https:\/\/www.blau-weiss-spandau.de\/wordpress\/wp-content\/uploads\/2023\/12\/Unterstuetzung-1200x849.png 1200w, https:\/\/www.blau-weiss-spandau.de\/wordpress\/wp-content\/uploads\/2023\/12\/Unterstuetzung-1536x1086.png 1536w\" data-sizes=\"auto\" data-orig-sizes=\"(max-width: 800px) 100vw, 800px\" \/><\/a><\/p>\n<\/div><\/div><\/div><\/div><\/div>\n","protected":false},"excerpt":{"rendered":"","protected":false},"author":45,"featured_media":10978,"comment_status":"closed","ping_status":"closed","sticky":false,"template":"","format":"standard","meta":{"_acf_changed":false,"inline_featured_image":false,"footnotes":""},"categories":[1],"tags":[],"class_list":["post-10981","post","type-post","status-publish","format-standard","has-post-thumbnail","hentry","category-allgemein"],"acf":[],"_links":{"self":[{"href":"https:\/\/www.blau-weiss-spandau.de\/wordpress\/wp-json\/wp\/v2\/posts\/10981","targetHints":{"allow":["GET"]}}],"collection":[{"href":"https:\/\/www.blau-weiss-spandau.de\/wordpress\/wp-json\/wp\/v2\/posts"}],"about":[{"href":"https:\/\/www.blau-weiss-spandau.de\/wordpress\/wp-json\/wp\/v2\/types\/post"}],"author":[{"embeddable":true,"href":"https:\/\/www.blau-weiss-spandau.de\/wordpress\/wp-json\/wp\/v2\/users\/45"}],"replies":[{"embeddable":true,"href":"https:\/\/www.blau-weiss-spandau.de\/wordpress\/wp-json\/wp\/v2\/comments?post=10981"}],"version-history":[{"count":7,"href":"https:\/\/www.blau-weiss-spandau.de\/wordpress\/wp-json\/wp\/v2\/posts\/10981\/revisions"}],"predecessor-version":[{"id":10997,"href":"https:\/\/www.blau-weiss-spandau.de\/wordpress\/wp-json\/wp\/v2\/posts\/10981\/revisions\/10997"}],"wp:featuredmedia":[{"embeddable":true,"href":"https:\/\/www.blau-weiss-spandau.de\/wordpress\/wp-json\/wp\/v2\/media\/10978"}],"wp:attachment":[{"href":"https:\/\/www.blau-weiss-spandau.de\/wordpress\/wp-json\/wp\/v2\/media?parent=10981"}],"wp:term":[{"taxonomy":"category","embeddable":true,"href":"https:\/\/www.blau-weiss-spandau.de\/wordpress\/wp-json\/wp\/v2\/categories?post=10981"},{"taxonomy":"post_tag","embeddable":true,"href":"https:\/\/www.blau-weiss-spandau.de\/wordpress\/wp-json\/wp\/v2\/tags?post=10981"}],"curies":[{"name":"wp","href":"https:\/\/api.w.org\/{rel}","templated":true}]}}