{"id":11420,"date":"2025-05-15T14:20:24","date_gmt":"2025-05-15T12:20:24","guid":{"rendered":"https:\/\/www.blau-weiss-spandau.de\/wordpress\/?p=11420"},"modified":"2025-05-15T21:26:26","modified_gmt":"2025-05-15T19:26:26","slug":"in-stillem-gedenken-an-sven-franke","status":"publish","type":"post","link":"https:\/\/www.blau-weiss-spandau.de\/wordpress\/in-stillem-gedenken-an-sven-franke\/","title":{"rendered":"In stillem Gedenken an Sven Franke"},"content":{"rendered":"<div class=\"fusion-fullwidth fullwidth-box fusion-builder-row-1 fusion-flex-container nonhundred-percent-fullwidth non-hundred-percent-height-scrolling\" style=\"--awb-border-radius-top-left:0px;--awb-border-radius-top-right:0px;--awb-border-radius-bottom-right:0px;--awb-border-radius-bottom-left:0px;--awb-padding-top:2%;--awb-padding-bottom:2%;--awb-flex-wrap:wrap;\" ><div class=\"fusion-builder-row fusion-row fusion-flex-align-items-flex-start fusion-flex-content-wrap\" style=\"max-width:calc( 1240px + 0px );margin-left: calc(-0px \/ 2 );margin-right: calc(-0px \/ 2 );\"><div class=\"fusion-layout-column fusion_builder_column fusion-builder-column-0 fusion_builder_column_1_1 1_1 fusion-flex-column\" style=\"--awb-bg-size:cover;--awb-width-large:100%;--awb-margin-top-large:0px;--awb-spacing-right-large:0px;--awb-margin-bottom-large:0px;--awb-spacing-left-large:0px;--awb-width-medium:100%;--awb-spacing-right-medium:0px;--awb-spacing-left-medium:0px;--awb-width-small:100%;--awb-spacing-right-small:0px;--awb-spacing-left-small:0px;\"><div class=\"fusion-column-wrapper fusion-column-has-shadow fusion-flex-justify-content-flex-start fusion-content-layout-column\"><div class=\"fusion-text fusion-text-1\" style=\"--awb-content-alignment:right;\"><p>Datum: 15. Mai 2025<\/p>\n<\/div><div class=\"fusion-text fusion-text-2\"><p class=\"\" data-start=\"111\" data-end=\"288\">Mit gro\u00dfer Best\u00fcrzung haben wir vom pl\u00f6tzlichen Tod unseres ehemaligen Spielers Sven Franke erfahren.<\/p>\n<p class=\"\" data-start=\"290\" data-end=\"520\">Sven trug in der Saison 2018\/2019 insgesamt 27 Mal das Trikot von Blau-Weiss Spandau und war ein gesch\u00e4tzter Teil unserer Blau-Weissen Familie. Sein Einsatz, sein Teamgeist und seine Leidenschaft f\u00fcr den Fu\u00dfball bleiben unvergessen.<\/p>\n<p class=\"\" data-start=\"522\" data-end=\"740\">Wir trauern um Sven und sind in Gedanken bei seiner Familie, seinen Freunden, Weggef\u00e4hrten und allen, die ihm nahestanden. Ihnen gilt in dieser schweren Zeit unser tiefstes Mitgef\u00fchl und unsere aufrichtige Anteilnahme.<\/p>\n<p class=\"\" data-start=\"742\" data-end=\"764\">Ruhe in Frieden, Sven.<\/p>\n<p class=\"\" data-start=\"766\" data-end=\"790\">\u2014 Dein Blau-Weiss Spandau 1903<\/p>\n<\/div><\/div><\/div><\/div><\/div>\n","protected":false},"excerpt":{"rendered":"<p>Mit gro\u00dfer Best\u00fcrzung haben wir vom pl\u00f6tzlichen Tod unseres ehemaligen Spielers Sven Franke erfahren.<\/p>\n","protected":false},"author":45,"featured_media":11422,"comment_status":"open","ping_status":"closed","sticky":false,"template":"","format":"standard","meta":{"_acf_changed":false,"inline_featured_image":false,"footnotes":""},"categories":[1],"tags":[],"class_list":["post-11420","post","type-post","status-publish","format-standard","has-post-thumbnail","hentry","category-allgemein"],"acf":[],"_links":{"self":[{"href":"https:\/\/www.blau-weiss-spandau.de\/wordpress\/wp-json\/wp\/v2\/posts\/11420","targetHints":{"allow":["GET"]}}],"collection":[{"href":"https:\/\/www.blau-weiss-spandau.de\/wordpress\/wp-json\/wp\/v2\/posts"}],"about":[{"href":"https:\/\/www.blau-weiss-spandau.de\/wordpress\/wp-json\/wp\/v2\/types\/post"}],"author":[{"embeddable":true,"href":"https:\/\/www.blau-weiss-spandau.de\/wordpress\/wp-json\/wp\/v2\/users\/45"}],"replies":[{"embeddable":true,"href":"https:\/\/www.blau-weiss-spandau.de\/wordpress\/wp-json\/wp\/v2\/comments?post=11420"}],"version-history":[{"count":5,"href":"https:\/\/www.blau-weiss-spandau.de\/wordpress\/wp-json\/wp\/v2\/posts\/11420\/revisions"}],"predecessor-version":[{"id":11426,"href":"https:\/\/www.blau-weiss-spandau.de\/wordpress\/wp-json\/wp\/v2\/posts\/11420\/revisions\/11426"}],"wp:featuredmedia":[{"embeddable":true,"href":"https:\/\/www.blau-weiss-spandau.de\/wordpress\/wp-json\/wp\/v2\/media\/11422"}],"wp:attachment":[{"href":"https:\/\/www.blau-weiss-spandau.de\/wordpress\/wp-json\/wp\/v2\/media?parent=11420"}],"wp:term":[{"taxonomy":"category","embeddable":true,"href":"https:\/\/www.blau-weiss-spandau.de\/wordpress\/wp-json\/wp\/v2\/categories?post=11420"},{"taxonomy":"post_tag","embeddable":true,"href":"https:\/\/www.blau-weiss-spandau.de\/wordpress\/wp-json\/wp\/v2\/tags?post=11420"}],"curies":[{"name":"wp","href":"https:\/\/api.w.org\/{rel}","templated":true}]}}