{"id":11616,"date":"2025-07-14T22:01:19","date_gmt":"2025-07-14T20:01:19","guid":{"rendered":"https:\/\/www.blau-weiss-spandau.de\/wordpress\/?p=11616"},"modified":"2025-07-14T22:04:05","modified_gmt":"2025-07-14T20:04:05","slug":"40-jahre-aufstieg-ein-ganz-besonderes-wiedersehen","status":"publish","type":"post","link":"https:\/\/www.blau-weiss-spandau.de\/wordpress\/40-jahre-aufstieg-ein-ganz-besonderes-wiedersehen\/","title":{"rendered":"40 Jahre Aufstieg \u2013 ein ganz besonderes Wiedersehen"},"content":{"rendered":"<p><div class=\"fusion-fullwidth fullwidth-box fusion-builder-row-1 fusion-flex-container nonhundred-percent-fullwidth non-hundred-percent-height-scrolling\" style=\"--awb-border-radius-top-left:0px;--awb-border-radius-top-right:0px;--awb-border-radius-bottom-right:0px;--awb-border-radius-bottom-left:0px;--awb-padding-top:2%;--awb-padding-bottom:2%;--awb-flex-wrap:wrap;\" ><div class=\"fusion-builder-row fusion-row fusion-flex-align-items-flex-start fusion-flex-content-wrap\" style=\"max-width:calc( 1240px + 0px );margin-left: calc(-0px \/ 2 );margin-right: calc(-0px \/ 2 );\"><div class=\"fusion-layout-column fusion_builder_column fusion-builder-column-0 fusion_builder_column_1_3 1_3 fusion-flex-column\" style=\"--awb-bg-size:cover;--awb-width-large:33.333333333333%;--awb-margin-top-large:0px;--awb-spacing-right-large:0px;--awb-margin-bottom-large:0px;--awb-spacing-left-large:0px;--awb-width-medium:33.333333333333%;--awb-order-medium:0;--awb-spacing-right-medium:0px;--awb-spacing-left-medium:0px;--awb-width-small:100%;--awb-order-small:0;--awb-spacing-right-small:0px;--awb-spacing-left-small:0px;\"><div class=\"fusion-column-wrapper fusion-column-has-shadow fusion-flex-justify-content-flex-start fusion-content-layout-column\"><\/div><\/div><div class=\"fusion-layout-column fusion_builder_column fusion-builder-column-1 fusion_builder_column_1_1 1_1 fusion-flex-column\" style=\"--awb-bg-size:cover;--awb-width-large:100%;--awb-margin-top-large:0px;--awb-spacing-right-large:0px;--awb-margin-bottom-large:0px;--awb-spacing-left-large:0px;--awb-width-medium:100%;--awb-spacing-right-medium:0px;--awb-spacing-left-medium:0px;--awb-width-small:100%;--awb-spacing-right-small:0px;--awb-spacing-left-small:0px;\"><div class=\"fusion-column-wrapper fusion-column-has-shadow fusion-flex-justify-content-flex-start fusion-content-layout-column\"><div class=\"fusion-text fusion-text-1\" style=\"--awb-content-alignment:right;\"><p>Datum: 14. Juli 2025<\/p>\n<\/div><div class=\"fusion-text fusion-text-2\"><p data-start=\"1287\" data-end=\"1560\">Am Samstag, den 12.07.2025, war es endlich soweit: Zum 40-j\u00e4hrigen Jubil\u00e4um des legend\u00e4ren Aufstiegs in die Landesliga, hat sich die damalige Mannschaft bei uns wieder eingefunden \u2013 und mit ihr viele alte Weggef\u00e4hrten, Freunde und Unterst\u00fctzer aus einer besonderen Zeit des Vereins.<\/p>\n<p data-start=\"1562\" data-end=\"1862\">Schon beim Ankommen lag sp\u00fcrbar etwas in der Luft \u2013 eine Mischung aus Nostalgie, Freude und echtem Teamgeist. Bei leckerem Essen \u2013 mitgebrachte Salate, K\u00f6stlichkeiten vom Grill \u2013 und gut gek\u00fchlten Getr\u00e4nken kamen schnell viele sch\u00f6ne Gespr\u00e4che zustande. Es wurde gelacht, erinnert und viel erz\u00e4hlt.<\/p>\n<p data-start=\"1864\" data-end=\"2209\">Zwar spielte das Wetter nicht ganz mit und zwang zu Improvisation, aber mit Pavillons gesch\u00fctzt und durch die M\u00f6glichkeit, sich auch drinnen auszutauschen, tat das der Stimmung keinen Abbruch. Als der Regen aufh\u00f6rte, konnte sogar noch ein gemeinsames Mannschaftsfoto geschossen werden \u2013 ein Moment voller Emotion und Geschichte.<\/p>\n<\/div><div class=\"awb-gallery-wrapper awb-gallery-wrapper-1 button-span-no\" style=\"--more-btn-alignment:center;\"><div style=\"margin:-5px;--awb-bordersize:0px;\" class=\"fusion-gallery fusion-gallery-container fusion-grid-3 fusion-columns-total-3 fusion-gallery-layout-grid fusion-gallery-1\"><div style=\"padding:5px;\" class=\"fusion-grid-column fusion-gallery-column fusion-gallery-column-3 hover-type-none\"><div class=\"fusion-gallery-image\"><a href=\"https:\/\/www.blau-weiss-spandau.de\/wordpress\/wp-content\/uploads\/2025\/07\/WhatsApp-Bild-2025-06-12-um-19.15.32_a976ac1d.jpg\" rel=\"noreferrer\" data-rel=\"iLightbox[gallery_image_1]\" class=\"fusion-lightbox\" target=\"_self\"><img decoding=\"async\" src=\"https:\/\/www.blau-weiss-spandau.de\/wordpress\/wp-content\/uploads\/2025\/07\/WhatsApp-Bild-2025-06-12-um-19.15.32_a976ac1d.jpg\" data-orig-src=\"https:\/\/www.blau-weiss-spandau.de\/wordpress\/wp-content\/uploads\/2025\/07\/WhatsApp-Bild-2025-06-12-um-19.15.32_a976ac1d.jpg\" width=\"1600\" height=\"738\" alt=\"Damals 84\/85\" title=\"Damals 84\/85\" aria-label=\"Damals 84\/85\" class=\"lazyload img-responsive wp-image-11620\" srcset=\"data:image\/svg+xml,%3Csvg%20xmlns%3D%27http%3A%2F%2Fwww.w3.org%2F2000%2Fsvg%27%20width%3D%271600%27%20height%3D%27738%27%20viewBox%3D%270%200%201600%20738%27%3E%3Crect%20width%3D%271600%27%20height%3D%27738%27%20fill-opacity%3D%220%22%2F%3E%3C%2Fsvg%3E\" data-srcset=\"https:\/\/www.blau-weiss-spandau.de\/wordpress\/wp-content\/uploads\/2025\/07\/WhatsApp-Bild-2025-06-12-um-19.15.32_a976ac1d-200x92.jpg 200w, https:\/\/www.blau-weiss-spandau.de\/wordpress\/wp-content\/uploads\/2025\/07\/WhatsApp-Bild-2025-06-12-um-19.15.32_a976ac1d-400x185.jpg 400w, https:\/\/www.blau-weiss-spandau.de\/wordpress\/wp-content\/uploads\/2025\/07\/WhatsApp-Bild-2025-06-12-um-19.15.32_a976ac1d-600x277.jpg 600w, https:\/\/www.blau-weiss-spandau.de\/wordpress\/wp-content\/uploads\/2025\/07\/WhatsApp-Bild-2025-06-12-um-19.15.32_a976ac1d-800x369.jpg 800w, https:\/\/www.blau-weiss-spandau.de\/wordpress\/wp-content\/uploads\/2025\/07\/WhatsApp-Bild-2025-06-12-um-19.15.32_a976ac1d-1200x554.jpg 1200w, https:\/\/www.blau-weiss-spandau.de\/wordpress\/wp-content\/uploads\/2025\/07\/WhatsApp-Bild-2025-06-12-um-19.15.32_a976ac1d.jpg 1600w\" data-sizes=\"auto\" data-orig-sizes=\"(min-width: 2200px) 100vw, (min-width: 784px) 410px, (min-width: 712px) 615px, (min-width: 640px) 712px, \" \/><\/a><\/div><\/div><div style=\"padding:5px;\" class=\"fusion-grid-column fusion-gallery-column fusion-gallery-column-3 hover-type-none\"><div class=\"fusion-gallery-image\"><a href=\"https:\/\/www.blau-weiss-spandau.de\/wordpress\/wp-content\/uploads\/2025\/07\/WhatsApp-Bild-2025-07-12-um-18.55.48_e7280ae5.jpg\" rel=\"noreferrer\" data-rel=\"iLightbox[gallery_image_1]\" class=\"fusion-lightbox\" target=\"_self\"><img decoding=\"async\" src=\"https:\/\/www.blau-weiss-spandau.de\/wordpress\/wp-content\/uploads\/2025\/07\/WhatsApp-Bild-2025-07-12-um-18.55.48_e7280ae5.jpg\" data-orig-src=\"https:\/\/www.blau-weiss-spandau.de\/wordpress\/wp-content\/uploads\/2025\/07\/WhatsApp-Bild-2025-07-12-um-18.55.48_e7280ae5.jpg\" width=\"2048\" height=\"1536\" alt=\"Heute 2025\" title=\"Heute 2025\" aria-label=\"Heute 2025\" class=\"lazyload img-responsive wp-image-11619\" srcset=\"data:image\/svg+xml,%3Csvg%20xmlns%3D%27http%3A%2F%2Fwww.w3.org%2F2000%2Fsvg%27%20width%3D%272048%27%20height%3D%271536%27%20viewBox%3D%270%200%202048%201536%27%3E%3Crect%20width%3D%272048%27%20height%3D%271536%27%20fill-opacity%3D%220%22%2F%3E%3C%2Fsvg%3E\" data-srcset=\"https:\/\/www.blau-weiss-spandau.de\/wordpress\/wp-content\/uploads\/2025\/07\/WhatsApp-Bild-2025-07-12-um-18.55.48_e7280ae5-200x150.jpg 200w, https:\/\/www.blau-weiss-spandau.de\/wordpress\/wp-content\/uploads\/2025\/07\/WhatsApp-Bild-2025-07-12-um-18.55.48_e7280ae5-400x300.jpg 400w, https:\/\/www.blau-weiss-spandau.de\/wordpress\/wp-content\/uploads\/2025\/07\/WhatsApp-Bild-2025-07-12-um-18.55.48_e7280ae5-600x450.jpg 600w, https:\/\/www.blau-weiss-spandau.de\/wordpress\/wp-content\/uploads\/2025\/07\/WhatsApp-Bild-2025-07-12-um-18.55.48_e7280ae5-800x600.jpg 800w, https:\/\/www.blau-weiss-spandau.de\/wordpress\/wp-content\/uploads\/2025\/07\/WhatsApp-Bild-2025-07-12-um-18.55.48_e7280ae5-1200x900.jpg 1200w, https:\/\/www.blau-weiss-spandau.de\/wordpress\/wp-content\/uploads\/2025\/07\/WhatsApp-Bild-2025-07-12-um-18.55.48_e7280ae5.jpg 2048w\" data-sizes=\"auto\" data-orig-sizes=\"(min-width: 2200px) 100vw, (min-width: 784px) 410px, (min-width: 712px) 615px, (min-width: 640px) 712px, \" \/><\/a><\/div><\/div><div style=\"padding:5px;\" class=\"fusion-grid-column fusion-gallery-column fusion-gallery-column-3 hover-type-none\"><div class=\"fusion-gallery-image\"><a href=\"https:\/\/www.blau-weiss-spandau.de\/wordpress\/wp-content\/uploads\/2025\/07\/WhatsApp-Bild-2025-06-12-um-19.15.13_142c7255.jpg\" rel=\"noreferrer\" data-rel=\"iLightbox[gallery_image_1]\" class=\"fusion-lightbox\" target=\"_self\"><img decoding=\"async\" src=\"https:\/\/www.blau-weiss-spandau.de\/wordpress\/wp-content\/uploads\/2025\/07\/WhatsApp-Bild-2025-06-12-um-19.15.13_142c7255.jpg\" data-orig-src=\"https:\/\/www.blau-weiss-spandau.de\/wordpress\/wp-content\/uploads\/2025\/07\/WhatsApp-Bild-2025-06-12-um-19.15.13_142c7255.jpg\" width=\"1004\" height=\"968\" alt=\"Damals 84\/85\" title=\"Damals 84\/85\" aria-label=\"Damals 84\/85\" class=\"lazyload img-responsive wp-image-11623\" srcset=\"data:image\/svg+xml,%3Csvg%20xmlns%3D%27http%3A%2F%2Fwww.w3.org%2F2000%2Fsvg%27%20width%3D%271004%27%20height%3D%27968%27%20viewBox%3D%270%200%201004%20968%27%3E%3Crect%20width%3D%271004%27%20height%3D%27968%27%20fill-opacity%3D%220%22%2F%3E%3C%2Fsvg%3E\" data-srcset=\"https:\/\/www.blau-weiss-spandau.de\/wordpress\/wp-content\/uploads\/2025\/07\/WhatsApp-Bild-2025-06-12-um-19.15.13_142c7255-200x193.jpg 200w, https:\/\/www.blau-weiss-spandau.de\/wordpress\/wp-content\/uploads\/2025\/07\/WhatsApp-Bild-2025-06-12-um-19.15.13_142c7255-400x386.jpg 400w, https:\/\/www.blau-weiss-spandau.de\/wordpress\/wp-content\/uploads\/2025\/07\/WhatsApp-Bild-2025-06-12-um-19.15.13_142c7255-600x578.jpg 600w, https:\/\/www.blau-weiss-spandau.de\/wordpress\/wp-content\/uploads\/2025\/07\/WhatsApp-Bild-2025-06-12-um-19.15.13_142c7255-800x771.jpg 800w, https:\/\/www.blau-weiss-spandau.de\/wordpress\/wp-content\/uploads\/2025\/07\/WhatsApp-Bild-2025-06-12-um-19.15.13_142c7255.jpg 1004w\" data-sizes=\"auto\" data-orig-sizes=\"(min-width: 2200px) 100vw, (min-width: 784px) 410px, (min-width: 712px) 615px, (min-width: 640px) 712px, \" \/><\/a><\/div><\/div><div class=\"clearfix\"><\/div><\/div><\/div><div class=\"fusion-text fusion-text-3\"><p data-start=\"2398\" data-end=\"2686\">Eine besondere Geste der Verbundenheit: Ein ehemaliger Spieler reiste eigens aus Hessen an, um diesen besonderen Abend in Berlin-Spandau mit seinen fr\u00fcheren Mitspielern zu feiern.<\/p>\n<p data-start=\"2688\" data-end=\"3086\">Besonders bewegend war au\u00dferdem die Anwesenheit von <strong data-start=\"2740\" data-end=\"2756\">Hans Schroth<\/strong>, dem ehemaligen Betreuer der Mannschaft. Mit stattlichen <strong data-start=\"2875\" data-end=\"2888\">89 Jahren<\/strong> lie\u00df er es sich nicht nehmen, an der Feier teilzunehmen und gemeinsam mit den anderen in Erinnerungen zu schwelgen. Seine Anwesenheit war f\u00fcr viele ein echtes Highlight \u2013 gelebte Vereinsgeschichte.<\/p>\n<p data-start=\"2501\" data-end=\"2783\">Nach dem Ende des parallel laufenden Turnier &#8211; Hanne Sobek Pokal von Spandau Tradition kamen auch einige Spieler der aktuellen 1. und 7. Herrenmannschaft dazu. Zwischen Jung und Alt ergaben sich angeregte Gespr\u00e4che \u2013 \u00fcber Fu\u00dfball damals und heute, \u00fcber den Verein, die Entwicklung und gemeinsame Werte.<\/p>\n<p data-start=\"3062\" data-end=\"3284\">Ein herzliches Dankesch\u00f6n gilt allen Helferinnen und Helfern \u2013 egal ob bei Auf- und Abbau, beim Grillen, Organisieren oder Unterst\u00fctzen. Ihr habt diesen Tag f\u00fcr alle Beteiligten zu einem ganz besonderen Erlebnis gemacht.<\/p>\n<p data-start=\"3286\" data-end=\"3404\"><strong data-start=\"3286\" data-end=\"3373\">Auf weitere erfolgreiche Jahre \u2013 mit Geschichte im Herzen und der Zukunft im Blick.<\/strong><\/p>\n<\/div><\/div><\/div><\/div><\/div><div class=\"fusion-fullwidth fullwidth-box fusion-builder-row-2 fusion-flex-container has-pattern-background has-mask-background nonhundred-percent-fullwidth non-hundred-percent-height-scrolling\" style=\"--awb-border-radius-top-left:0px;--awb-border-radius-top-right:0px;--awb-border-radius-bottom-right:0px;--awb-border-radius-bottom-left:0px;--awb-flex-wrap:wrap;\" ><div class=\"fusion-builder-row fusion-row fusion-flex-align-items-flex-start fusion-flex-content-wrap\" style=\"max-width:1302px;margin-left: calc(-5% \/ 2 );margin-right: calc(-5% \/ 2 );\"><div class=\"fusion-layout-column fusion_builder_column fusion-builder-column-2 fusion_builder_column_1_3 1_3 fusion-flex-column\" style=\"--awb-bg-size:cover;--awb-width-large:33.333333333333%;--awb-margin-top-large:0px;--awb-spacing-right-large:7.125%;--awb-margin-bottom-large:0px;--awb-spacing-left-large:7.125%;--awb-width-medium:33.333333333333%;--awb-order-medium:0;--awb-spacing-right-medium:7.125%;--awb-spacing-left-medium:7.125%;--awb-width-small:100%;--awb-order-small:0;--awb-spacing-right-small:2.375%;--awb-spacing-left-small:2.375%;\"><div class=\"fusion-column-wrapper fusion-column-has-shadow fusion-flex-justify-content-flex-start fusion-content-layout-column\"><\/div><\/div><div class=\"fusion-layout-column fusion_builder_column fusion-builder-column-3 fusion_builder_column_1_3 1_3 fusion-flex-column\" style=\"--awb-bg-size:cover;--awb-width-large:33.333333333333%;--awb-margin-top-large:0px;--awb-spacing-right-large:7.125%;--awb-margin-bottom-large:0px;--awb-spacing-left-large:7.125%;--awb-width-medium:33.333333333333%;--awb-order-medium:0;--awb-spacing-right-medium:7.125%;--awb-spacing-left-medium:7.125%;--awb-width-small:100%;--awb-order-small:0;--awb-spacing-right-small:2.375%;--awb-spacing-left-small:2.375%;\"><div class=\"fusion-column-wrapper fusion-column-has-shadow fusion-flex-justify-content-flex-start fusion-content-layout-column\"><\/div><\/div><\/div><\/div><\/p>\n","protected":false},"excerpt":{"rendered":"<p>Am Samstag, den 12.07.2025, war es endlich soweit: Zum 40-j\u00e4hrigen Jubil\u00e4um des legend\u00e4ren Aufstiegs in die Landesliga, hat sich die damalige Mannschaft bei uns wieder eingefunden<\/p>\n","protected":false},"author":45,"featured_media":11617,"comment_status":"closed","ping_status":"closed","sticky":false,"template":"","format":"standard","meta":{"_acf_changed":false,"inline_featured_image":false,"footnotes":""},"categories":[1],"tags":[],"class_list":["post-11616","post","type-post","status-publish","format-standard","has-post-thumbnail","hentry","category-allgemein"],"acf":[],"_links":{"self":[{"href":"https:\/\/www.blau-weiss-spandau.de\/wordpress\/wp-json\/wp\/v2\/posts\/11616","targetHints":{"allow":["GET"]}}],"collection":[{"href":"https:\/\/www.blau-weiss-spandau.de\/wordpress\/wp-json\/wp\/v2\/posts"}],"about":[{"href":"https:\/\/www.blau-weiss-spandau.de\/wordpress\/wp-json\/wp\/v2\/types\/post"}],"author":[{"embeddable":true,"href":"https:\/\/www.blau-weiss-spandau.de\/wordpress\/wp-json\/wp\/v2\/users\/45"}],"replies":[{"embeddable":true,"href":"https:\/\/www.blau-weiss-spandau.de\/wordpress\/wp-json\/wp\/v2\/comments?post=11616"}],"version-history":[{"count":10,"href":"https:\/\/www.blau-weiss-spandau.de\/wordpress\/wp-json\/wp\/v2\/posts\/11616\/revisions"}],"predecessor-version":[{"id":11630,"href":"https:\/\/www.blau-weiss-spandau.de\/wordpress\/wp-json\/wp\/v2\/posts\/11616\/revisions\/11630"}],"wp:featuredmedia":[{"embeddable":true,"href":"https:\/\/www.blau-weiss-spandau.de\/wordpress\/wp-json\/wp\/v2\/media\/11617"}],"wp:attachment":[{"href":"https:\/\/www.blau-weiss-spandau.de\/wordpress\/wp-json\/wp\/v2\/media?parent=11616"}],"wp:term":[{"taxonomy":"category","embeddable":true,"href":"https:\/\/www.blau-weiss-spandau.de\/wordpress\/wp-json\/wp\/v2\/categories?post=11616"},{"taxonomy":"post_tag","embeddable":true,"href":"https:\/\/www.blau-weiss-spandau.de\/wordpress\/wp-json\/wp\/v2\/tags?post=11616"}],"curies":[{"name":"wp","href":"https:\/\/api.w.org\/{rel}","templated":true}]}}