{"id":11853,"date":"2025-12-07T22:03:48","date_gmt":"2025-12-07T21:03:48","guid":{"rendered":"https:\/\/www.blau-weiss-spandau.de\/wordpress\/?p=11853"},"modified":"2026-03-03T14:09:50","modified_gmt":"2026-03-03T13:09:50","slug":"einladung-zum-blau-weissen-weihnachtsmarkt-jahresausklang-2025","status":"publish","type":"post","link":"https:\/\/www.blau-weiss-spandau.de\/wordpress\/einladung-zum-blau-weissen-weihnachtsmarkt-jahresausklang-2025\/","title":{"rendered":"Einladung zum Blau-Weissen Weihnachtsmarkt &#038; Jahresausklang 2025"},"content":{"rendered":"<div class=\"fusion-fullwidth fullwidth-box fusion-builder-row-1 fusion-flex-container has-pattern-background has-mask-background nonhundred-percent-fullwidth non-hundred-percent-height-scrolling\" style=\"--awb-border-radius-top-left:0px;--awb-border-radius-top-right:0px;--awb-border-radius-bottom-right:0px;--awb-border-radius-bottom-left:0px;--awb-flex-wrap:wrap;\" ><div class=\"fusion-builder-row fusion-row fusion-flex-align-items-flex-start fusion-flex-content-wrap\" style=\"max-width:1302px;margin-left: calc(-5% \/ 2 );margin-right: calc(-5% \/ 2 );\"><div class=\"fusion-layout-column fusion_builder_column fusion-builder-column-0 fusion_builder_column_1_1 1_1 fusion-flex-column\" style=\"--awb-bg-size:cover;--awb-width-large:100%;--awb-margin-top-large:0px;--awb-spacing-right-large:2.375%;--awb-margin-bottom-large:0px;--awb-spacing-left-large:2.375%;--awb-width-medium:100%;--awb-order-medium:0;--awb-spacing-right-medium:2.375%;--awb-spacing-left-medium:2.375%;--awb-width-small:100%;--awb-order-small:0;--awb-spacing-right-small:2.375%;--awb-spacing-left-small:2.375%;\"><div class=\"fusion-column-wrapper fusion-column-has-shadow fusion-flex-justify-content-flex-start fusion-content-layout-column\"><div class=\"fusion-text fusion-text-1\"><h4>Letztes Jahr titelten wir im Dezember: &#8222;Ab dem zweiten Mal ist es Tradition.&#8220;<\/h4>\n<p style=\"text-align: justify; padding-left: 0px;\">Auch in diesem Jahr f\u00fchren wir diese Tradition nun schon zum dritten Mal fort.<br \/>\nAm <b>19. Dezember<\/b> laden wir alle Mitglieder, Eltern, Spielerinnen und Spieler, Trainerinnen und Trainer sowie Freundinnen und Freunde des Vereins oder solche, die es noch werden wollen, herzlich ein, gemeinsam einen warmen und fr\u00f6hlichen Jahresausklang in unserem Vereinsheim zu feiern.<\/p>\n<\/div><\/div><\/div><div class=\"fusion-layout-column fusion_builder_column fusion-builder-column-1 fusion_builder_column_1_2 1_2 fusion-flex-column\" style=\"--awb-bg-size:cover;--awb-width-large:50%;--awb-margin-top-large:0px;--awb-spacing-right-large:4.75%;--awb-margin-bottom-large:0px;--awb-spacing-left-large:4.75%;--awb-width-medium:50%;--awb-order-medium:0;--awb-spacing-right-medium:4.75%;--awb-spacing-left-medium:4.75%;--awb-width-small:100%;--awb-order-small:0;--awb-spacing-right-small:2.375%;--awb-spacing-left-small:2.375%;\"><div class=\"fusion-column-wrapper fusion-column-has-shadow fusion-flex-justify-content-flex-start fusion-content-layout-column\"><div class=\"fusion-image-element \" style=\"--awb-caption-title-font-family:var(--h2_typography-font-family);--awb-caption-title-font-weight:var(--h2_typography-font-weight);--awb-caption-title-font-style:var(--h2_typography-font-style);--awb-caption-title-size:var(--h2_typography-font-size);--awb-caption-title-transform:var(--h2_typography-text-transform);--awb-caption-title-line-height:var(--h2_typography-line-height);--awb-caption-title-letter-spacing:var(--h2_typography-letter-spacing);\"><span class=\" fusion-imageframe imageframe-none imageframe-1 hover-type-none\"><img decoding=\"async\" width=\"724\" height=\"1024\" title=\"1\" src=\"https:\/\/www.blau-weiss-spandau.de\/wordpress\/wp-content\/uploads\/2025\/12\/1-scaled.jpg\" data-orig-src=\"https:\/\/www.blau-weiss-spandau.de\/wordpress\/wp-content\/uploads\/2025\/12\/1-724x1024.jpg\" alt class=\"lazyload img-responsive wp-image-11854\" srcset=\"data:image\/svg+xml,%3Csvg%20xmlns%3D%27http%3A%2F%2Fwww.w3.org%2F2000%2Fsvg%27%20width%3D%271810%27%20height%3D%272560%27%20viewBox%3D%270%200%201810%202560%27%3E%3Crect%20width%3D%271810%27%20height%3D%272560%27%20fill-opacity%3D%220%22%2F%3E%3C%2Fsvg%3E\" data-srcset=\"https:\/\/www.blau-weiss-spandau.de\/wordpress\/wp-content\/uploads\/2025\/12\/1-200x283.jpg 200w, https:\/\/www.blau-weiss-spandau.de\/wordpress\/wp-content\/uploads\/2025\/12\/1-400x566.jpg 400w, https:\/\/www.blau-weiss-spandau.de\/wordpress\/wp-content\/uploads\/2025\/12\/1-600x848.jpg 600w, https:\/\/www.blau-weiss-spandau.de\/wordpress\/wp-content\/uploads\/2025\/12\/1-800x1131.jpg 800w, https:\/\/www.blau-weiss-spandau.de\/wordpress\/wp-content\/uploads\/2025\/12\/1-1200x1697.jpg 1200w, https:\/\/www.blau-weiss-spandau.de\/wordpress\/wp-content\/uploads\/2025\/12\/1-scaled.jpg 1810w\" data-sizes=\"auto\" data-orig-sizes=\"(max-width: 800px) 100vw, 600px\" \/><\/span><\/div><\/div><\/div><div class=\"fusion-layout-column fusion_builder_column fusion-builder-column-2 fusion_builder_column_1_2 1_2 fusion-flex-column\" style=\"--awb-bg-size:cover;--awb-width-large:50%;--awb-margin-top-large:0px;--awb-spacing-right-large:4.75%;--awb-margin-bottom-large:0px;--awb-spacing-left-large:4.75%;--awb-width-medium:50%;--awb-order-medium:0;--awb-spacing-right-medium:4.75%;--awb-spacing-left-medium:4.75%;--awb-width-small:100%;--awb-order-small:0;--awb-spacing-right-small:2.375%;--awb-spacing-left-small:2.375%;\"><div class=\"fusion-column-wrapper fusion-column-has-shadow fusion-flex-justify-content-flex-start fusion-content-layout-column\"><div class=\"fusion-text fusion-text-2\"><h3 style=\"color: #00030f;\">Ab 17:00 Uhr:<span style=\"letter-spacing: -0.28px; background-color: rgba(0, 0, 0, 0);\"><br \/>\nWeihnachtsmarkt <\/span><\/h3>\n<p style=\"text-align: justify;\">Zum fr\u00fchen Abend \u00f6ffnen wir wieder unseren Blau-Weissen Weihnachtsmarkt mit kleinen eigenen St\u00e4nden. Mit Gl\u00fchwein, Kinderpunsch, frisch Gegrilltem, Musik und einer warmen Feuerschale m\u00f6chten wir einen Ort schaffen, an dem man in Ruhe ankommen und miteinander ins Gespr\u00e4ch kommen kann.<br \/>\n<span style=\"letter-spacing: 0.24px; background-color: rgba(0, 0, 0, 0);\">Der Weihnachtsmarkt richtet sich vor allem an unsere Mitglieder, Eltern, Spielerinnen und Spieler sowie Trainerinnen und Trainer: Also an alle, die zum Verein geh\u00f6ren oder ihm nahestehen. <\/span><\/p>\n<\/div><\/div><\/div><div class=\"fusion-layout-column fusion_builder_column fusion-builder-column-3 fusion_builder_column_1_1 1_1 fusion-flex-column\" style=\"--awb-bg-size:cover;--awb-width-large:100%;--awb-margin-top-large:0px;--awb-spacing-right-large:2.375%;--awb-margin-bottom-large:0px;--awb-spacing-left-large:2.375%;--awb-width-medium:100%;--awb-order-medium:0;--awb-spacing-right-medium:2.375%;--awb-spacing-left-medium:2.375%;--awb-width-small:100%;--awb-order-small:0;--awb-spacing-right-small:2.375%;--awb-spacing-left-small:2.375%;\"><div class=\"fusion-column-wrapper fusion-column-has-shadow fusion-flex-justify-content-flex-start fusion-content-layout-column\"><div class=\"fusion-text fusion-text-3\"><h3><\/h3>\n<\/div><\/div><\/div><div class=\"fusion-layout-column fusion_builder_column fusion-builder-column-4 fusion_builder_column_1_2 1_2 fusion-flex-column\" style=\"--awb-bg-size:cover;--awb-width-large:50%;--awb-margin-top-large:0px;--awb-spacing-right-large:4.75%;--awb-margin-bottom-large:0px;--awb-spacing-left-large:4.75%;--awb-width-medium:50%;--awb-order-medium:0;--awb-spacing-right-medium:4.75%;--awb-spacing-left-medium:4.75%;--awb-width-small:100%;--awb-order-small:0;--awb-spacing-right-small:2.375%;--awb-spacing-left-small:2.375%;\"><div class=\"fusion-column-wrapper fusion-column-has-shadow fusion-flex-justify-content-flex-start fusion-content-layout-column\"><div class=\"fusion-text fusion-text-4\"><h3>Ab 20:00 Uhr:<br \/>\nBlau-Weisse Weihnachtsfeier im Vereinsheim<\/h3>\n<p style=\"text-align: justify;\">Im Anschluss geht es im Vereinsheim weiter. DJ Parastuki und DJ Bankw\u00e4rmer heizen die Tanzfl\u00e4che ein und passend dazu gibt es <b>zwischen 20 und 23 Uhr alle Getr\u00e4nke f\u00fcr nur einen Euro.<\/b><\/p>\n<p>Wir m\u00f6chten in entspannter Atmosph\u00e4re zusammen feiern \u2013 mit Musik, Zeit zum Plaudern, Tanzen und allem, was eine gute Weihnachtsfeier ausmacht.<br \/>\nUnd vielleicht m\u00f6chte der eine oder die andere auch ein Autogramm von unseren \u201eStarspielern\u201c S. Rehfeld, J. Frenzel oder R. B\u00f6cker erhaschen. Die Gelegenheit dazu ergibt sich sicher.<\/p>\n<p style=\"text-align: justify;\">Auch alle, die an Weihnachten sonst allein w\u00e4ren oder sich \u00fcber eine kleine Auszeit vom famili\u00e4ren Trubel freuen, sind herzlich willkommen. Bei uns findet jede und jeder einen Platz.<\/p>\n<\/div><\/div><\/div><div class=\"fusion-layout-column fusion_builder_column fusion-builder-column-5 fusion_builder_column_1_2 1_2 fusion-flex-column\" style=\"--awb-bg-size:cover;--awb-width-large:50%;--awb-margin-top-large:0px;--awb-spacing-right-large:4.75%;--awb-margin-bottom-large:0px;--awb-spacing-left-large:4.75%;--awb-width-medium:50%;--awb-order-medium:0;--awb-spacing-right-medium:4.75%;--awb-spacing-left-medium:4.75%;--awb-width-small:100%;--awb-order-small:0;--awb-spacing-right-small:2.375%;--awb-spacing-left-small:2.375%;\"><div class=\"fusion-column-wrapper fusion-column-has-shadow fusion-flex-justify-content-flex-start fusion-content-layout-column\"><div class=\"fusion-image-element \" style=\"--awb-caption-title-font-family:var(--h2_typography-font-family);--awb-caption-title-font-weight:var(--h2_typography-font-weight);--awb-caption-title-font-style:var(--h2_typography-font-style);--awb-caption-title-size:var(--h2_typography-font-size);--awb-caption-title-transform:var(--h2_typography-text-transform);--awb-caption-title-line-height:var(--h2_typography-line-height);--awb-caption-title-letter-spacing:var(--h2_typography-letter-spacing);\"><span class=\" fusion-imageframe imageframe-none imageframe-2 hover-type-none\"><img decoding=\"async\" width=\"724\" height=\"1024\" title=\"2\" src=\"https:\/\/www.blau-weiss-spandau.de\/wordpress\/wp-content\/uploads\/2025\/12\/2-scaled.jpg\" data-orig-src=\"https:\/\/www.blau-weiss-spandau.de\/wordpress\/wp-content\/uploads\/2025\/12\/2-724x1024.jpg\" alt class=\"lazyload img-responsive wp-image-11855\" srcset=\"data:image\/svg+xml,%3Csvg%20xmlns%3D%27http%3A%2F%2Fwww.w3.org%2F2000%2Fsvg%27%20width%3D%271810%27%20height%3D%272560%27%20viewBox%3D%270%200%201810%202560%27%3E%3Crect%20width%3D%271810%27%20height%3D%272560%27%20fill-opacity%3D%220%22%2F%3E%3C%2Fsvg%3E\" data-srcset=\"https:\/\/www.blau-weiss-spandau.de\/wordpress\/wp-content\/uploads\/2025\/12\/2-200x283.jpg 200w, https:\/\/www.blau-weiss-spandau.de\/wordpress\/wp-content\/uploads\/2025\/12\/2-400x566.jpg 400w, https:\/\/www.blau-weiss-spandau.de\/wordpress\/wp-content\/uploads\/2025\/12\/2-600x848.jpg 600w, https:\/\/www.blau-weiss-spandau.de\/wordpress\/wp-content\/uploads\/2025\/12\/2-800x1131.jpg 800w, https:\/\/www.blau-weiss-spandau.de\/wordpress\/wp-content\/uploads\/2025\/12\/2-1200x1697.jpg 1200w, https:\/\/www.blau-weiss-spandau.de\/wordpress\/wp-content\/uploads\/2025\/12\/2-scaled.jpg 1810w\" data-sizes=\"auto\" data-orig-sizes=\"(max-width: 800px) 100vw, 600px\" \/><\/span><\/div><\/div><\/div><div class=\"fusion-layout-column fusion_builder_column fusion-builder-column-6 fusion_builder_column_1_2 1_2 fusion-flex-column\" style=\"--awb-bg-size:cover;--awb-width-large:50%;--awb-margin-top-large:0px;--awb-spacing-right-large:4.75%;--awb-margin-bottom-large:0px;--awb-spacing-left-large:4.75%;--awb-width-medium:50%;--awb-order-medium:0;--awb-spacing-right-medium:4.75%;--awb-spacing-left-medium:4.75%;--awb-width-small:100%;--awb-order-small:0;--awb-spacing-right-small:2.375%;--awb-spacing-left-small:2.375%;\"><div class=\"fusion-column-wrapper fusion-column-has-shadow fusion-flex-justify-content-flex-start fusion-content-layout-column\"><\/div><\/div><div class=\"fusion-layout-column fusion_builder_column fusion-builder-column-7 fusion_builder_column_1_1 1_1 fusion-flex-column\" style=\"--awb-bg-size:cover;--awb-width-large:100%;--awb-margin-top-large:0px;--awb-spacing-right-large:2.375%;--awb-margin-bottom-large:0px;--awb-spacing-left-large:2.375%;--awb-width-medium:100%;--awb-order-medium:0;--awb-spacing-right-medium:2.375%;--awb-spacing-left-medium:2.375%;--awb-width-small:100%;--awb-order-small:0;--awb-spacing-right-small:2.375%;--awb-spacing-left-small:2.375%;\"><div class=\"fusion-column-wrapper fusion-column-has-shadow fusion-flex-justify-content-flex-start fusion-content-layout-column\"><div class=\"fusion-text fusion-text-5\"><h5>Hinweis zur G\u00e4steliste<\/h5>\n<p style=\"text-align: justify;\"><span style=\"letter-spacing: 0.24px; background-color: rgba(0, 0, 0, 0);\">F\u00fcr die Teilnahme an der Weihnachtsfeier ab 20:00 Uhr ben\u00f6tigen wir aus organisatorischen Gr\u00fcnden eine vorherige Registrierung \u00fcber die G\u00e4steliste. <\/span><span style=\"letter-spacing: 0.24px; background-color: rgba(0, 0, 0, 0);\">Der Einlass ist nur m\u00f6glich, wenn eine Anmeldung \u00fcber das Online-Formular erfolgt<\/span><span style=\"letter-spacing: 0.24px; text-align: start; background-color: rgba(0, 0, 0, 0);\"> unter folgendem <a href=\"https:\/\/docs.google.com\/forms\/d\/e\/1FAIpQLSeoV5224Me-Hq9Dg32tH2WmRY0Xm3ay3qkS5vKsvKno9Z-36w\/viewform?usp=dialog\">Link<\/a> erfolgt ist. <\/span><span style=\"background-color: rgba(0, 0, 0, 0); letter-spacing: 0.24px;\">Dies erm\u00f6glicht uns eine verl\u00e4ssliche Planung und stellt sicher, dass wir allen Teilnehmenden einen angenehmen und sicheren Abend bieten k\u00f6nnen. <\/span><\/p>\n<p style=\"text-align: justify;\">\n<p style=\"text-align: justify;\"><b>Wir freuen uns auf euch!<\/b><\/p>\n<p>Vorstand des FV Blau-Weiss Spandau 1903 e.V.<\/p>\n<\/div><\/div><\/div><\/div><\/div>\n","protected":false},"excerpt":{"rendered":"<p>Auch in diesem Jahr f\u00fchren wir diese Tradition nun schon zum dritten Mal fort.<br \/>\nAm 19. Dezember laden wir alle Mitglieder, Eltern, Spielerinnen und Spieler, Trainerinnen und Trainer sowie Freundinnen und Freunde des Vereins oder solche, die es noch werden wollen, herzlich ein, gemeinsam einen warmen und fr\u00f6hlichen Jahresausklang in unserem Vereinsheim zu feiern.<\/p>\n","protected":false},"author":50,"featured_media":11860,"comment_status":"closed","ping_status":"closed","sticky":false,"template":"","format":"standard","meta":{"_acf_changed":false,"inline_featured_image":false,"footnotes":""},"categories":[1],"tags":[],"class_list":["post-11853","post","type-post","status-publish","format-standard","has-post-thumbnail","hentry","category-allgemein"],"acf":[],"_links":{"self":[{"href":"https:\/\/www.blau-weiss-spandau.de\/wordpress\/wp-json\/wp\/v2\/posts\/11853","targetHints":{"allow":["GET"]}}],"collection":[{"href":"https:\/\/www.blau-weiss-spandau.de\/wordpress\/wp-json\/wp\/v2\/posts"}],"about":[{"href":"https:\/\/www.blau-weiss-spandau.de\/wordpress\/wp-json\/wp\/v2\/types\/post"}],"author":[{"embeddable":true,"href":"https:\/\/www.blau-weiss-spandau.de\/wordpress\/wp-json\/wp\/v2\/users\/50"}],"replies":[{"embeddable":true,"href":"https:\/\/www.blau-weiss-spandau.de\/wordpress\/wp-json\/wp\/v2\/comments?post=11853"}],"version-history":[{"count":6,"href":"https:\/\/www.blau-weiss-spandau.de\/wordpress\/wp-json\/wp\/v2\/posts\/11853\/revisions"}],"predecessor-version":[{"id":11924,"href":"https:\/\/www.blau-weiss-spandau.de\/wordpress\/wp-json\/wp\/v2\/posts\/11853\/revisions\/11924"}],"wp:featuredmedia":[{"embeddable":true,"href":"https:\/\/www.blau-weiss-spandau.de\/wordpress\/wp-json\/wp\/v2\/media\/11860"}],"wp:attachment":[{"href":"https:\/\/www.blau-weiss-spandau.de\/wordpress\/wp-json\/wp\/v2\/media?parent=11853"}],"wp:term":[{"taxonomy":"category","embeddable":true,"href":"https:\/\/www.blau-weiss-spandau.de\/wordpress\/wp-json\/wp\/v2\/categories?post=11853"},{"taxonomy":"post_tag","embeddable":true,"href":"https:\/\/www.blau-weiss-spandau.de\/wordpress\/wp-json\/wp\/v2\/tags?post=11853"}],"curies":[{"name":"wp","href":"https:\/\/api.w.org\/{rel}","templated":true}]}}