{"id":11869,"date":"2026-01-07T21:57:32","date_gmt":"2026-01-07T20:57:32","guid":{"rendered":"https:\/\/www.blau-weiss-spandau.de\/wordpress\/?p=11869"},"modified":"2026-01-07T21:57:32","modified_gmt":"2026-01-07T20:57:32","slug":"rueckrunden-trainingsauftakt-der-1-herren-im-gym-noir","status":"publish","type":"post","link":"https:\/\/www.blau-weiss-spandau.de\/wordpress\/rueckrunden-trainingsauftakt-der-1-herren-im-gym-noir\/","title":{"rendered":"R\u00fcckrunden Trainingsauftakt der 1. Herren im Gym NOIR"},"content":{"rendered":"<div class=\"fusion-fullwidth fullwidth-box fusion-builder-row-1 fusion-flex-container has-pattern-background has-mask-background nonhundred-percent-fullwidth non-hundred-percent-height-scrolling\" style=\"--awb-border-radius-top-left:0px;--awb-border-radius-top-right:0px;--awb-border-radius-bottom-right:0px;--awb-border-radius-bottom-left:0px;--awb-flex-wrap:wrap;\" ><div class=\"fusion-builder-row fusion-row fusion-flex-align-items-flex-start fusion-flex-content-wrap\" style=\"max-width:1302px;margin-left: calc(-5% \/ 2 );margin-right: calc(-5% \/ 2 );\"><div class=\"fusion-layout-column fusion_builder_column fusion-builder-column-0 fusion_builder_column_1_1 1_1 fusion-flex-column\" style=\"--awb-bg-size:cover;--awb-width-large:100%;--awb-margin-top-large:0px;--awb-spacing-right-large:2.375%;--awb-margin-bottom-large:0px;--awb-spacing-left-large:2.375%;--awb-width-medium:100%;--awb-order-medium:0;--awb-spacing-right-medium:2.375%;--awb-spacing-left-medium:2.375%;--awb-width-small:100%;--awb-order-small:0;--awb-spacing-right-small:2.375%;--awb-spacing-left-small:2.375%;\"><div class=\"fusion-column-wrapper fusion-column-has-shadow fusion-flex-justify-content-flex-start fusion-content-layout-column\"><div class=\"fusion-text fusion-text-1\"><p data-start=\"163\" data-end=\"994\">Mit voller Motivation ist unsere 1. Herrenmannschaft gestern in die Vorbereitung zur R\u00fcckrunde gestartet. Zum Auftakt ging es ins Gym <strong data-start=\"271\" data-end=\"282\">NOIR<\/strong>, wo unter professionellen Bedingungen intensiv gearbeitet wurde.<\/p>\n<p data-start=\"163\" data-end=\"994\">Auf dem Programm standen funktionelle Kraft\u00fcbungen, Stabilisationsarbeit und Core-Training \u2013 alles wichtige Bausteine f\u00fcr eine erfolgreiche R\u00fcckrunde.<\/p>\n<p data-start=\"163\" data-end=\"994\">Die Bilder zeigen deutlich: volle Konzentration, hohe Intensit\u00e4t und ein starker Teamgeist.<\/p>\n<\/div><div class=\"awb-gallery-wrapper awb-gallery-wrapper-1 button-span-no\" style=\"--more-btn-alignment:center;\"><div style=\"margin:-5px;--awb-bordersize:0px;\" class=\"fusion-gallery fusion-gallery-container fusion-grid-3 fusion-columns-total-4 fusion-gallery-layout-grid fusion-gallery-1\"><div style=\"padding:5px;\" class=\"fusion-grid-column fusion-gallery-column fusion-gallery-column-3 hover-type-none\"><div class=\"fusion-gallery-image\"><a href=\"https:\/\/www.blau-weiss-spandau.de\/wordpress\/wp-content\/uploads\/2026\/01\/WhatsApp-Image-2026-01-06-at-20.51.43.jpeg\" rel=\"noreferrer\" data-rel=\"iLightbox[gallery_image_1]\" class=\"fusion-lightbox\" target=\"_self\"><img decoding=\"async\" src=\"https:\/\/www.blau-weiss-spandau.de\/wordpress\/wp-content\/uploads\/2026\/01\/WhatsApp-Image-2026-01-06-at-20.51.43.jpeg\" data-orig-src=\"https:\/\/www.blau-weiss-spandau.de\/wordpress\/wp-content\/uploads\/2026\/01\/WhatsApp-Image-2026-01-06-at-20.51.43.jpeg\" width=\"1536\" height=\"2048\" alt=\"Spieler der 1. Herrenmannschaft absolvieren im Gym Ausfallschritte und funktionelle Kraft\u00fcbungen. Mehrere Athleten trainieren parallel mit Fokus auf Bein- und Rumpfstabilit\u00e4t.\" title=\"Gym Noir &#8211; Training 1. Herren\" aria-label=\"Gym Noir &#8211; Training 1. Herren\" class=\"lazyload img-responsive wp-image-11870\" srcset=\"data:image\/svg+xml,%3Csvg%20xmlns%3D%27http%3A%2F%2Fwww.w3.org%2F2000%2Fsvg%27%20width%3D%271536%27%20height%3D%272048%27%20viewBox%3D%270%200%201536%202048%27%3E%3Crect%20width%3D%271536%27%20height%3D%272048%27%20fill-opacity%3D%220%22%2F%3E%3C%2Fsvg%3E\" data-srcset=\"https:\/\/www.blau-weiss-spandau.de\/wordpress\/wp-content\/uploads\/2026\/01\/WhatsApp-Image-2026-01-06-at-20.51.43-200x267.jpeg 200w, https:\/\/www.blau-weiss-spandau.de\/wordpress\/wp-content\/uploads\/2026\/01\/WhatsApp-Image-2026-01-06-at-20.51.43-400x533.jpeg 400w, https:\/\/www.blau-weiss-spandau.de\/wordpress\/wp-content\/uploads\/2026\/01\/WhatsApp-Image-2026-01-06-at-20.51.43-600x800.jpeg 600w, https:\/\/www.blau-weiss-spandau.de\/wordpress\/wp-content\/uploads\/2026\/01\/WhatsApp-Image-2026-01-06-at-20.51.43-800x1067.jpeg 800w, https:\/\/www.blau-weiss-spandau.de\/wordpress\/wp-content\/uploads\/2026\/01\/WhatsApp-Image-2026-01-06-at-20.51.43-1200x1600.jpeg 1200w, https:\/\/www.blau-weiss-spandau.de\/wordpress\/wp-content\/uploads\/2026\/01\/WhatsApp-Image-2026-01-06-at-20.51.43.jpeg 1536w\" data-sizes=\"auto\" data-orig-sizes=\"(min-width: 2200px) 100vw, (min-width: 784px) 410px, (min-width: 712px) 615px, (min-width: 640px) 712px, \" \/><\/a><\/div><\/div><div style=\"padding:5px;\" class=\"fusion-grid-column fusion-gallery-column fusion-gallery-column-3 hover-type-none\"><div class=\"fusion-gallery-image\"><a href=\"https:\/\/www.blau-weiss-spandau.de\/wordpress\/wp-content\/uploads\/2026\/01\/WhatsApp-Image-2026-01-06-at-20.51.42.jpeg\" rel=\"noreferrer\" data-rel=\"iLightbox[gallery_image_1]\" class=\"fusion-lightbox\" target=\"_self\"><img decoding=\"async\" src=\"https:\/\/www.blau-weiss-spandau.de\/wordpress\/wp-content\/uploads\/2026\/01\/WhatsApp-Image-2026-01-06-at-20.51.42.jpeg\" data-orig-src=\"https:\/\/www.blau-weiss-spandau.de\/wordpress\/wp-content\/uploads\/2026\/01\/WhatsApp-Image-2026-01-06-at-20.51.42.jpeg\" width=\"1536\" height=\"2048\" alt=\"Mehrere Spieler liegen auf Trainingsmatten und f\u00fchren Core-\u00dcbungen mit Medizinb\u00e4llen aus. Im Hintergrund sind weitere Teammitglieder beim Krafttraining im Gym zu sehen.\" title=\"Gym Noir &#8211; 1. Training\" aria-label=\"Gym Noir &#8211; 1. Training\" class=\"lazyload img-responsive wp-image-11871\" srcset=\"data:image\/svg+xml,%3Csvg%20xmlns%3D%27http%3A%2F%2Fwww.w3.org%2F2000%2Fsvg%27%20width%3D%271536%27%20height%3D%272048%27%20viewBox%3D%270%200%201536%202048%27%3E%3Crect%20width%3D%271536%27%20height%3D%272048%27%20fill-opacity%3D%220%22%2F%3E%3C%2Fsvg%3E\" data-srcset=\"https:\/\/www.blau-weiss-spandau.de\/wordpress\/wp-content\/uploads\/2026\/01\/WhatsApp-Image-2026-01-06-at-20.51.42-200x267.jpeg 200w, https:\/\/www.blau-weiss-spandau.de\/wordpress\/wp-content\/uploads\/2026\/01\/WhatsApp-Image-2026-01-06-at-20.51.42-400x533.jpeg 400w, https:\/\/www.blau-weiss-spandau.de\/wordpress\/wp-content\/uploads\/2026\/01\/WhatsApp-Image-2026-01-06-at-20.51.42-600x800.jpeg 600w, https:\/\/www.blau-weiss-spandau.de\/wordpress\/wp-content\/uploads\/2026\/01\/WhatsApp-Image-2026-01-06-at-20.51.42-800x1067.jpeg 800w, https:\/\/www.blau-weiss-spandau.de\/wordpress\/wp-content\/uploads\/2026\/01\/WhatsApp-Image-2026-01-06-at-20.51.42-1200x1600.jpeg 1200w, https:\/\/www.blau-weiss-spandau.de\/wordpress\/wp-content\/uploads\/2026\/01\/WhatsApp-Image-2026-01-06-at-20.51.42.jpeg 1536w\" data-sizes=\"auto\" data-orig-sizes=\"(min-width: 2200px) 100vw, (min-width: 784px) 410px, (min-width: 712px) 615px, (min-width: 640px) 712px, \" \/><\/a><\/div><\/div><div style=\"padding:5px;\" class=\"fusion-grid-column fusion-gallery-column fusion-gallery-column-3 hover-type-none\"><div class=\"fusion-gallery-image\"><a href=\"https:\/\/www.blau-weiss-spandau.de\/wordpress\/wp-content\/uploads\/2026\/01\/WhatsApp-Image-2026-01-06-at-20.51.41.jpeg\" rel=\"noreferrer\" data-rel=\"iLightbox[gallery_image_1]\" class=\"fusion-lightbox\" target=\"_self\"><img decoding=\"async\" src=\"https:\/\/www.blau-weiss-spandau.de\/wordpress\/wp-content\/uploads\/2026\/01\/WhatsApp-Image-2026-01-06-at-20.51.41.jpeg\" data-orig-src=\"https:\/\/www.blau-weiss-spandau.de\/wordpress\/wp-content\/uploads\/2026\/01\/WhatsApp-Image-2026-01-06-at-20.51.41.jpeg\" width=\"1536\" height=\"2048\" alt=\"\" title=\"WhatsApp Image 2026-01-06 at 20.51.41\" aria-label=\"WhatsApp Image 2026-01-06 at 20.51.41\" class=\"lazyload img-responsive wp-image-11872\" srcset=\"data:image\/svg+xml,%3Csvg%20xmlns%3D%27http%3A%2F%2Fwww.w3.org%2F2000%2Fsvg%27%20width%3D%271536%27%20height%3D%272048%27%20viewBox%3D%270%200%201536%202048%27%3E%3Crect%20width%3D%271536%27%20height%3D%272048%27%20fill-opacity%3D%220%22%2F%3E%3C%2Fsvg%3E\" data-srcset=\"https:\/\/www.blau-weiss-spandau.de\/wordpress\/wp-content\/uploads\/2026\/01\/WhatsApp-Image-2026-01-06-at-20.51.41-200x267.jpeg 200w, https:\/\/www.blau-weiss-spandau.de\/wordpress\/wp-content\/uploads\/2026\/01\/WhatsApp-Image-2026-01-06-at-20.51.41-400x533.jpeg 400w, https:\/\/www.blau-weiss-spandau.de\/wordpress\/wp-content\/uploads\/2026\/01\/WhatsApp-Image-2026-01-06-at-20.51.41-600x800.jpeg 600w, https:\/\/www.blau-weiss-spandau.de\/wordpress\/wp-content\/uploads\/2026\/01\/WhatsApp-Image-2026-01-06-at-20.51.41-800x1067.jpeg 800w, https:\/\/www.blau-weiss-spandau.de\/wordpress\/wp-content\/uploads\/2026\/01\/WhatsApp-Image-2026-01-06-at-20.51.41-1200x1600.jpeg 1200w, https:\/\/www.blau-weiss-spandau.de\/wordpress\/wp-content\/uploads\/2026\/01\/WhatsApp-Image-2026-01-06-at-20.51.41.jpeg 1536w\" data-sizes=\"auto\" data-orig-sizes=\"(min-width: 2200px) 100vw, (min-width: 784px) 410px, (min-width: 712px) 615px, (min-width: 640px) 712px, \" \/><\/a><\/div><\/div><div class=\"clearfix\"><\/div><div style=\"padding:5px;\" class=\"fusion-grid-column fusion-gallery-column fusion-gallery-column-3 hover-type-none\"><div class=\"fusion-gallery-image\"><a href=\"https:\/\/www.blau-weiss-spandau.de\/wordpress\/wp-content\/uploads\/2026\/01\/WhatsApp-Image-2026-01-06-at-20.51.44.jpeg\" rel=\"noreferrer\" data-rel=\"iLightbox[gallery_image_1]\" class=\"fusion-lightbox\" target=\"_self\"><img decoding=\"async\" src=\"https:\/\/www.blau-weiss-spandau.de\/wordpress\/wp-content\/uploads\/2026\/01\/WhatsApp-Image-2026-01-06-at-20.51.44.jpeg\" data-orig-src=\"https:\/\/www.blau-weiss-spandau.de\/wordpress\/wp-content\/uploads\/2026\/01\/WhatsApp-Image-2026-01-06-at-20.51.44.jpeg\" width=\"1536\" height=\"2048\" alt=\"\" title=\"Gym Noir &#8211; Training 1. Herren\" aria-label=\"Gym Noir &#8211; Training 1. Herren\" class=\"lazyload img-responsive wp-image-11877\" srcset=\"data:image\/svg+xml,%3Csvg%20xmlns%3D%27http%3A%2F%2Fwww.w3.org%2F2000%2Fsvg%27%20width%3D%271536%27%20height%3D%272048%27%20viewBox%3D%270%200%201536%202048%27%3E%3Crect%20width%3D%271536%27%20height%3D%272048%27%20fill-opacity%3D%220%22%2F%3E%3C%2Fsvg%3E\" data-srcset=\"https:\/\/www.blau-weiss-spandau.de\/wordpress\/wp-content\/uploads\/2026\/01\/WhatsApp-Image-2026-01-06-at-20.51.44-200x267.jpeg 200w, https:\/\/www.blau-weiss-spandau.de\/wordpress\/wp-content\/uploads\/2026\/01\/WhatsApp-Image-2026-01-06-at-20.51.44-400x533.jpeg 400w, https:\/\/www.blau-weiss-spandau.de\/wordpress\/wp-content\/uploads\/2026\/01\/WhatsApp-Image-2026-01-06-at-20.51.44-600x800.jpeg 600w, https:\/\/www.blau-weiss-spandau.de\/wordpress\/wp-content\/uploads\/2026\/01\/WhatsApp-Image-2026-01-06-at-20.51.44-800x1067.jpeg 800w, https:\/\/www.blau-weiss-spandau.de\/wordpress\/wp-content\/uploads\/2026\/01\/WhatsApp-Image-2026-01-06-at-20.51.44-1200x1600.jpeg 1200w, https:\/\/www.blau-weiss-spandau.de\/wordpress\/wp-content\/uploads\/2026\/01\/WhatsApp-Image-2026-01-06-at-20.51.44.jpeg 1536w\" data-sizes=\"auto\" data-orig-sizes=\"(min-width: 2200px) 100vw, (min-width: 784px) 410px, (min-width: 712px) 615px, (min-width: 640px) 712px, \" \/><\/a><\/div><\/div><\/div><\/div><div class=\"fusion-text fusion-text-2\"><p data-start=\"163\" data-end=\"994\">Ob Ausfallschritte, Medizinball-\u00dcbungen oder koordinative Elemente \u2013 die Jungs haben alles reingehauen.<br data-start=\"700\" data-end=\"703\" \/>Trainer und Spieler zogen dabei voll mit und legten den Fokus auf saubere Ausf\u00fchrung und Belastungssteuerung.<\/p>\n<p data-start=\"163\" data-end=\"994\">Der Trainingsauftakt macht Lust auf mehr und zeigt, dass die Mannschaft bereit ist, hart f\u00fcr ihre Ziele zu arbeiten.<\/p>\n<p data-start=\"163\" data-end=\"994\">Ein starker Start in eine intensive Vorbereitungsphase!<\/p>\n<\/div><\/div><\/div><\/div><\/div>\n","protected":false},"excerpt":{"rendered":"<p>Mit voller Motivation ist unsere 1. Herrenmannschaft gestern in die Vorbereitung gestartet. Zum Auftakt ging es ins Gym NOIR, wo unter professionellen Bedingungen intensiv gearbeitet wurde.<\/p>\n","protected":false},"author":45,"featured_media":11880,"comment_status":"open","ping_status":"closed","sticky":false,"template":"","format":"standard","meta":{"_acf_changed":false,"inline_featured_image":false,"footnotes":""},"categories":[323,1,321],"tags":[],"class_list":["post-11869","post","type-post","status-publish","format-standard","has-post-thumbnail","hentry","category-1-herren","category-allgemein","category-herren"],"acf":[],"_links":{"self":[{"href":"https:\/\/www.blau-weiss-spandau.de\/wordpress\/wp-json\/wp\/v2\/posts\/11869","targetHints":{"allow":["GET"]}}],"collection":[{"href":"https:\/\/www.blau-weiss-spandau.de\/wordpress\/wp-json\/wp\/v2\/posts"}],"about":[{"href":"https:\/\/www.blau-weiss-spandau.de\/wordpress\/wp-json\/wp\/v2\/types\/post"}],"author":[{"embeddable":true,"href":"https:\/\/www.blau-weiss-spandau.de\/wordpress\/wp-json\/wp\/v2\/users\/45"}],"replies":[{"embeddable":true,"href":"https:\/\/www.blau-weiss-spandau.de\/wordpress\/wp-json\/wp\/v2\/comments?post=11869"}],"version-history":[{"count":7,"href":"https:\/\/www.blau-weiss-spandau.de\/wordpress\/wp-json\/wp\/v2\/posts\/11869\/revisions"}],"predecessor-version":[{"id":11881,"href":"https:\/\/www.blau-weiss-spandau.de\/wordpress\/wp-json\/wp\/v2\/posts\/11869\/revisions\/11881"}],"wp:featuredmedia":[{"embeddable":true,"href":"https:\/\/www.blau-weiss-spandau.de\/wordpress\/wp-json\/wp\/v2\/media\/11880"}],"wp:attachment":[{"href":"https:\/\/www.blau-weiss-spandau.de\/wordpress\/wp-json\/wp\/v2\/media?parent=11869"}],"wp:term":[{"taxonomy":"category","embeddable":true,"href":"https:\/\/www.blau-weiss-spandau.de\/wordpress\/wp-json\/wp\/v2\/categories?post=11869"},{"taxonomy":"post_tag","embeddable":true,"href":"https:\/\/www.blau-weiss-spandau.de\/wordpress\/wp-json\/wp\/v2\/tags?post=11869"}],"curies":[{"name":"wp","href":"https:\/\/api.w.org\/{rel}","templated":true}]}}