{"id":11954,"date":"2026-04-27T10:11:39","date_gmt":"2026-04-27T08:11:39","guid":{"rendered":"https:\/\/www.blau-weiss-spandau.de\/wordpress\/?p=11954"},"modified":"2026-04-28T07:36:40","modified_gmt":"2026-04-28T05:36:40","slug":"neues-aus-der-g-jugend-spieltagsfest-bei-schwarz-weiss-spandau-25-04-2026","status":"publish","type":"post","link":"https:\/\/www.blau-weiss-spandau.de\/wordpress\/neues-aus-der-g-jugend-spieltagsfest-bei-schwarz-weiss-spandau-25-04-2026\/","title":{"rendered":"Neues aus der G-Jugend \u2013 Spieltagsfest bei Schwarz-Wei\u00df Spandau (25.04.2026)"},"content":{"rendered":"<div class=\"fusion-fullwidth fullwidth-box fusion-builder-row-1 fusion-flex-container has-pattern-background has-mask-background nonhundred-percent-fullwidth non-hundred-percent-height-scrolling\" style=\"--awb-border-radius-top-left:0px;--awb-border-radius-top-right:0px;--awb-border-radius-bottom-right:0px;--awb-border-radius-bottom-left:0px;--awb-flex-wrap:wrap;\" ><div class=\"fusion-builder-row fusion-row fusion-flex-align-items-flex-start fusion-flex-content-wrap\" style=\"max-width:1302px;margin-left: calc(-5% \/ 2 );margin-right: calc(-5% \/ 2 );\"><div class=\"fusion-layout-column fusion_builder_column fusion-builder-column-0 fusion_builder_column_1_1 1_1 fusion-flex-column\" style=\"--awb-bg-size:cover;--awb-width-large:100%;--awb-margin-top-large:0px;--awb-spacing-right-large:2.375%;--awb-margin-bottom-large:0px;--awb-spacing-left-large:2.375%;--awb-width-medium:100%;--awb-order-medium:0;--awb-spacing-right-medium:2.375%;--awb-spacing-left-medium:2.375%;--awb-width-small:100%;--awb-order-small:0;--awb-spacing-right-small:2.375%;--awb-spacing-left-small:2.375%;\"><div class=\"fusion-column-wrapper fusion-column-has-shadow fusion-flex-justify-content-flex-start fusion-content-layout-column\"><div class=\"fusion-text fusion-text-1\"><p data-start=\"82\" data-end=\"438\">Beim Spieltagsfest am vergangenen Samstag zeigte unsere 1. G-Jugend einmal mehr, wie viel Entwicklung, Einsatz und Teamgeist in ihr steckt. Bereits in der Vorrunde hatte sich angedeutet, dass sich die nahezu 100-prozentige Trainingsbeteiligung auszahlt \u2013 Turniersiege und erfolgreiche Spieltage waren der verdiente Lohn f\u00fcr die engagierte Arbeit der Jungs.<\/p>\n<p data-start=\"440\" data-end=\"807\">Ein bewusst klein gehaltener Kader von zehn Kindern erm\u00f6glicht es, gezielt an den Grundlagen zu arbeiten: saubere Ballf\u00fchrung, Spielverst\u00e4ndnis und vor allem das Miteinander auf und neben dem Platz. Die Philosophie ist klar: Jeder hilft jedem, jeder respektiert jeden. Genau diese Haltung spiegelt sich Woche f\u00fcr Woche im Training \u2013 und am Spieltag umso mehr \u2013 wider.<\/p>\n<p data-start=\"809\" data-end=\"1116\">Auch in der R\u00fcckrunde kn\u00fcpft das Team nahtlos an die starken Leistungen an. Beim Spieltagsfest am 25. April setzte die Mannschaft mit beeindruckenden <strong data-start=\"959\" data-end=\"992\">54:4 Toren aus sieben Spielen<\/strong> ein deutliches Ausrufezeichen. Spielfreude, Zusammenhalt und ein wachsendes Spielverst\u00e4ndnis machten diesen Erfolg m\u00f6glich.<\/p>\n<p data-start=\"1118\" data-end=\"1419\">Besonders erfreulich: Durch die neu gegr\u00fcndete 2. G-Jugend erhalten noch mehr Kinder wertvolle Spielzeit und k\u00f6nnen sich weiterentwickeln. Beide Teams \u00fcberzeugten an diesem Wochenende und konnten sich auf Feld 1 pr\u00e4sentieren \u2013 ein starkes Zeichen f\u00fcr die Breite und Qualit\u00e4t unseres Nachwuchsbereichs.<\/p>\n<p data-start=\"1421\" data-end=\"1703\">Bereits in der kommenden Woche steht f\u00fcr vier Kinder ein Sichtungstraining an. Hier wird genau hingeschaut, wer den n\u00e4chsten Schritt gehen kann und wo noch Entwicklungspotenzial besteht. Klar ist: Der eingeschlagene Weg stimmt \u2013 und die Jungs sind mit viel Freude und Einsatz dabei.<\/p>\n<p data-start=\"1705\" data-end=\"1723\" data-is-last-node=\"\" data-is-only-node=\"\"><strong data-start=\"1705\" data-end=\"1719\">Weiter so!<\/strong> \u26bd\ud83d\udcaa<\/p>\n<\/div><\/div><\/div><\/div><\/div>\n","protected":false},"excerpt":{"rendered":"<p>Beim Spieltagsfest am vergangenen Samstag zeigte unsere 1. G-Jugend einmal mehr, wie viel Entwicklung, Einsatz und Teamgeist in ihr steckt. Bereits in der Vorrunde hatte sich angedeutet, dass sich die nahezu 100-prozentige Trainingsbeteiligung auszahlt \u2013 Turniersiege und erfolgreiche Spieltage waren der verdiente Lohn f\u00fcr die engagierte Arbeit der Jungs.<\/p>\n","protected":false},"author":45,"featured_media":11962,"comment_status":"closed","ping_status":"closed","sticky":false,"template":"","format":"standard","meta":{"_acf_changed":false,"inline_featured_image":false,"footnotes":""},"categories":[326,1,325],"tags":[],"class_list":["post-11954","post","type-post","status-publish","format-standard","has-post-thumbnail","hentry","category-1-g-jugend","category-allgemein","category-jugend"],"acf":[],"_links":{"self":[{"href":"https:\/\/www.blau-weiss-spandau.de\/wordpress\/wp-json\/wp\/v2\/posts\/11954","targetHints":{"allow":["GET"]}}],"collection":[{"href":"https:\/\/www.blau-weiss-spandau.de\/wordpress\/wp-json\/wp\/v2\/posts"}],"about":[{"href":"https:\/\/www.blau-weiss-spandau.de\/wordpress\/wp-json\/wp\/v2\/types\/post"}],"author":[{"embeddable":true,"href":"https:\/\/www.blau-weiss-spandau.de\/wordpress\/wp-json\/wp\/v2\/users\/45"}],"replies":[{"embeddable":true,"href":"https:\/\/www.blau-weiss-spandau.de\/wordpress\/wp-json\/wp\/v2\/comments?post=11954"}],"version-history":[{"count":2,"href":"https:\/\/www.blau-weiss-spandau.de\/wordpress\/wp-json\/wp\/v2\/posts\/11954\/revisions"}],"predecessor-version":[{"id":11956,"href":"https:\/\/www.blau-weiss-spandau.de\/wordpress\/wp-json\/wp\/v2\/posts\/11954\/revisions\/11956"}],"wp:featuredmedia":[{"embeddable":true,"href":"https:\/\/www.blau-weiss-spandau.de\/wordpress\/wp-json\/wp\/v2\/media\/11962"}],"wp:attachment":[{"href":"https:\/\/www.blau-weiss-spandau.de\/wordpress\/wp-json\/wp\/v2\/media?parent=11954"}],"wp:term":[{"taxonomy":"category","embeddable":true,"href":"https:\/\/www.blau-weiss-spandau.de\/wordpress\/wp-json\/wp\/v2\/categories?post=11954"},{"taxonomy":"post_tag","embeddable":true,"href":"https:\/\/www.blau-weiss-spandau.de\/wordpress\/wp-json\/wp\/v2\/tags?post=11954"}],"curies":[{"name":"wp","href":"https:\/\/api.w.org\/{rel}","templated":true}]}}