{"id":11959,"date":"2026-04-28T07:37:35","date_gmt":"2026-04-28T05:37:35","guid":{"rendered":"https:\/\/www.blau-weiss-spandau.de\/wordpress\/?p=11959"},"modified":"2026-04-28T07:37:35","modified_gmt":"2026-04-28T05:37:35","slug":"spielbericht-1-d-jugend-heimsieg-gegen-die-sportfreunde-kladow-25-04-2026","status":"publish","type":"post","link":"https:\/\/www.blau-weiss-spandau.de\/wordpress\/spielbericht-1-d-jugend-heimsieg-gegen-die-sportfreunde-kladow-25-04-2026\/","title":{"rendered":"Spielbericht 1. D-Jugend \u2013 Heimsieg gegen die Sportfreunde Kladow (25.04.2026)"},"content":{"rendered":"<div class=\"fusion-fullwidth fullwidth-box fusion-builder-row-1 fusion-flex-container has-pattern-background has-mask-background nonhundred-percent-fullwidth non-hundred-percent-height-scrolling\" style=\"--awb-border-radius-top-left:0px;--awb-border-radius-top-right:0px;--awb-border-radius-bottom-right:0px;--awb-border-radius-bottom-left:0px;--awb-flex-wrap:wrap;\" ><div class=\"fusion-builder-row fusion-row fusion-flex-align-items-flex-start fusion-flex-content-wrap\" style=\"max-width:1302px;margin-left: calc(-5% \/ 2 );margin-right: calc(-5% \/ 2 );\"><div class=\"fusion-layout-column fusion_builder_column fusion-builder-column-0 fusion_builder_column_1_1 1_1 fusion-flex-column\" style=\"--awb-bg-size:cover;--awb-width-large:100%;--awb-margin-top-large:0px;--awb-spacing-right-large:2.375%;--awb-margin-bottom-large:0px;--awb-spacing-left-large:2.375%;--awb-width-medium:100%;--awb-order-medium:0;--awb-spacing-right-medium:2.375%;--awb-spacing-left-medium:2.375%;--awb-width-small:100%;--awb-order-small:0;--awb-spacing-right-small:2.375%;--awb-spacing-left-small:2.375%;\"><div class=\"fusion-column-wrapper fusion-column-has-shadow fusion-flex-justify-content-flex-start fusion-content-layout-column\"><div class=\"fusion-text fusion-text-1\"><p data-start=\"84\" data-end=\"342\">Am vergangenen Samstag empfing unsere U13 die Mannschaft der Sportfreunde Kladow. Beide Teams bewegten sich vor der Partie im Tabellenmittelfeld, das Hinspiel ging noch mit 4:2 an die G\u00e4ste \u2013 entsprechend motiviert gingen unsere Blau-Wei\u00dfen in die Begegnung.<\/p>\n<p data-start=\"344\" data-end=\"879\">Von Beginn an entwickelte sich ein intensives und k\u00f6rperbetontes Spiel auf Augenh\u00f6he. Besonders erfreulich war dabei die konsequente Umsetzung der Trainingsinhalte aus der Woche: Das enge Mann-gegen-Mann-Verteidigen funktionierte \u00fcber weite Strecken sehr gut und stellte den Gegner immer wieder vor Probleme. Die wenigen Torchancen, die wir zulie\u00dfen, resultierten meist aus individuellen Fehlern. Doch selbst in diesen Situationen war auf unsere Torh\u00fcterin Verlass, die mit Ruhe und \u00dcbersicht s\u00e4mtliche Abschl\u00fcsse souver\u00e4n entsch\u00e4rfte.<\/p>\n<p data-start=\"881\" data-end=\"1182\">In der 21. Minute wurden wir f\u00fcr unseren Einsatz belohnt: Nach einem Fehlpass der Kladower schalteten wir blitzschnell um, kombinierten uns \u00fcber drei Stationen nach vorne und vollendeten mit einem platzierten Abschluss zur verdienten 1:0-F\u00fchrung. Mit diesem Ergebnis ging es auch in die Halbzeitpause.<\/p>\n<p data-start=\"1184\" data-end=\"1503\">Direkt nach dem Seitenwechsel stand unsere Torh\u00fcterin erneut im Mittelpunkt und bewahrte uns mit einer \u00fcberragenden Doppelparade vor dem Ausgleich \u2013 eine Szene, bei der viele den Ball bereits im Netz gesehen hatten. In der Folge blieb das Spiel weiterhin umk\u00e4mpft, gro\u00dfe Torchancen blieben auf beiden Seiten Mangelware.<\/p>\n<p data-start=\"1505\" data-end=\"1833\">Kurz vor Schluss sorgte dann unsere Nummer 2 f\u00fcr die Entscheidung: Mit viel Mut fasste sie sich aus rund 15 Metern ein Herz und jagte den Ball unhaltbar in den Winkel \u2013 ein echtes Traumtor zum 2:0. Die verbleibende Spielzeit verteidigten wir konzentriert und diszipliniert, sodass am Ende ein verdienter Heimsieg zu Buche stand.<\/p>\n<p data-start=\"1835\" data-end=\"1880\" data-is-last-node=\"\" data-is-only-node=\"\"><strong data-start=\"1835\" data-end=\"1876\">Eine starke Teamleistung \u2013 weiter so!<\/strong> \u26bd\ud83d\udc99<\/p>\n<\/div><\/div><\/div><\/div><\/div>\n","protected":false},"excerpt":{"rendered":"<p>Am vergangenen Samstag empfing unsere U13 die Mannschaft der Sportfreunde Kladow. Beide Teams bewegten sich vor der Partie im Tabellenmittelfeld, das Hinspiel ging noch mit 4:2 an die G\u00e4ste \u2013 entsprechend motiviert gingen unsere Blau-Wei\u00dfen in die Begegnung.<\/p>\n","protected":false},"author":45,"featured_media":11963,"comment_status":"closed","ping_status":"closed","sticky":false,"template":"","format":"standard","meta":{"_acf_changed":false,"inline_featured_image":false,"footnotes":""},"categories":[331,1,325],"tags":[],"class_list":["post-11959","post","type-post","status-publish","format-standard","has-post-thumbnail","hentry","category-1-d-jugend","category-allgemein","category-jugend"],"acf":[],"_links":{"self":[{"href":"https:\/\/www.blau-weiss-spandau.de\/wordpress\/wp-json\/wp\/v2\/posts\/11959","targetHints":{"allow":["GET"]}}],"collection":[{"href":"https:\/\/www.blau-weiss-spandau.de\/wordpress\/wp-json\/wp\/v2\/posts"}],"about":[{"href":"https:\/\/www.blau-weiss-spandau.de\/wordpress\/wp-json\/wp\/v2\/types\/post"}],"author":[{"embeddable":true,"href":"https:\/\/www.blau-weiss-spandau.de\/wordpress\/wp-json\/wp\/v2\/users\/45"}],"replies":[{"embeddable":true,"href":"https:\/\/www.blau-weiss-spandau.de\/wordpress\/wp-json\/wp\/v2\/comments?post=11959"}],"version-history":[{"count":2,"href":"https:\/\/www.blau-weiss-spandau.de\/wordpress\/wp-json\/wp\/v2\/posts\/11959\/revisions"}],"predecessor-version":[{"id":11961,"href":"https:\/\/www.blau-weiss-spandau.de\/wordpress\/wp-json\/wp\/v2\/posts\/11959\/revisions\/11961"}],"wp:featuredmedia":[{"embeddable":true,"href":"https:\/\/www.blau-weiss-spandau.de\/wordpress\/wp-json\/wp\/v2\/media\/11963"}],"wp:attachment":[{"href":"https:\/\/www.blau-weiss-spandau.de\/wordpress\/wp-json\/wp\/v2\/media?parent=11959"}],"wp:term":[{"taxonomy":"category","embeddable":true,"href":"https:\/\/www.blau-weiss-spandau.de\/wordpress\/wp-json\/wp\/v2\/categories?post=11959"},{"taxonomy":"post_tag","embeddable":true,"href":"https:\/\/www.blau-weiss-spandau.de\/wordpress\/wp-json\/wp\/v2\/tags?post=11959"}],"curies":[{"name":"wp","href":"https:\/\/api.w.org\/{rel}","templated":true}]}}