{"id":3739,"date":"2014-05-23T20:16:54","date_gmt":"2014-05-23T18:16:54","guid":{"rendered":"http:\/\/blau-weiss-spandau.de\/?p=3739"},"modified":"2014-05-27T06:53:34","modified_gmt":"2014-05-27T04:53:34","slug":"neuer-trainer-fuer-die-1-herren","status":"publish","type":"post","link":"https:\/\/www.blau-weiss-spandau.de\/wordpress\/neuer-trainer-fuer-die-1-herren\/","title":{"rendered":"Neuer Trainer f\u00fcr die 1. Herren"},"content":{"rendered":"<p style=\"text-align: justify;\">Am Ende der Saison verl\u00e4sst uns unser Trainer der 1. Herren:<\/p>\n<p style=\"text-align: center;\"><span style=\"font-size: 14pt;\"><strong>Thomas H\u00fcsemann.<\/strong><\/span><\/p>\n<p style=\"text-align: justify;\">Wir bedauern sehr das er unseren Verein verl\u00e4sst.<\/p>\n<p style=\"text-align: justify;\">Ab der kommenden Saison wird der jetzige Trainer der \u00dc50:<\/p>\n<p style=\"text-align: center;\"><span style=\"font-size: 18pt; color: #0000ff;\"><strong>Ralf Parcinski<\/strong>, <\/span><\/p>\n<p style=\"text-align: justify;\">die jetzigen 1. Herren \u00fcbernehmen.<\/p>\n<p style=\"text-align: justify;\">F\u00fcr seinen Kommende T\u00e4tigkeit w\u00fcnschen wir ihm viel Erfolg.<\/p>\n<p style=\"text-align: justify;\"><em>Der Vorstand.<\/em><\/p>\n","protected":false},"excerpt":{"rendered":"<p>Am Ende der Saison verl\u00e4sst uns unser Trainer der 1.  [&#8230;]<\/p>\n","protected":false},"author":45,"featured_media":0,"comment_status":"closed","ping_status":"closed","sticky":false,"template":"","format":"standard","meta":{"_acf_changed":false,"inline_featured_image":false,"footnotes":""},"categories":[1],"tags":[],"class_list":["post-3739","post","type-post","status-publish","format-standard","hentry","category-allgemein"],"acf":[],"_links":{"self":[{"href":"https:\/\/www.blau-weiss-spandau.de\/wordpress\/wp-json\/wp\/v2\/posts\/3739","targetHints":{"allow":["GET"]}}],"collection":[{"href":"https:\/\/www.blau-weiss-spandau.de\/wordpress\/wp-json\/wp\/v2\/posts"}],"about":[{"href":"https:\/\/www.blau-weiss-spandau.de\/wordpress\/wp-json\/wp\/v2\/types\/post"}],"author":[{"embeddable":true,"href":"https:\/\/www.blau-weiss-spandau.de\/wordpress\/wp-json\/wp\/v2\/users\/45"}],"replies":[{"embeddable":true,"href":"https:\/\/www.blau-weiss-spandau.de\/wordpress\/wp-json\/wp\/v2\/comments?post=3739"}],"version-history":[{"count":5,"href":"https:\/\/www.blau-weiss-spandau.de\/wordpress\/wp-json\/wp\/v2\/posts\/3739\/revisions"}],"predecessor-version":[{"id":3752,"href":"https:\/\/www.blau-weiss-spandau.de\/wordpress\/wp-json\/wp\/v2\/posts\/3739\/revisions\/3752"}],"wp:attachment":[{"href":"https:\/\/www.blau-weiss-spandau.de\/wordpress\/wp-json\/wp\/v2\/media?parent=3739"}],"wp:term":[{"taxonomy":"category","embeddable":true,"href":"https:\/\/www.blau-weiss-spandau.de\/wordpress\/wp-json\/wp\/v2\/categories?post=3739"},{"taxonomy":"post_tag","embeddable":true,"href":"https:\/\/www.blau-weiss-spandau.de\/wordpress\/wp-json\/wp\/v2\/tags?post=3739"}],"curies":[{"name":"wp","href":"https:\/\/api.w.org\/{rel}","templated":true}]}}