{"id":4674,"date":"2015-03-08T09:21:32","date_gmt":"2015-03-08T07:21:32","guid":{"rendered":"http:\/\/blau-weiss-spandau.de\/?p=4674"},"modified":"2015-03-10T09:48:31","modified_gmt":"2015-03-10T07:48:31","slug":"sieg-im-ersten-rueckrundenspiel-der-3-f","status":"publish","type":"post","link":"https:\/\/www.blau-weiss-spandau.de\/wordpress\/sieg-im-ersten-rueckrundenspiel-der-3-f\/","title":{"rendered":"Sieg im ersten R\u00fcckrundenspiel der 3. F mit 7:1 gegen SF Kladow"},"content":{"rendered":"<p><img decoding=\"async\" class=\"lazyload alignleft\" src=\"data:image\/svg+xml,%3Csvg%20xmlns%3D%27http%3A%2F%2Fwww.w3.org%2F2000%2Fsvg%27%20width%3D%271280%27%20height%3D%27960%27%20viewBox%3D%270%200%201280%20960%27%3E%3Crect%20width%3D%271280%27%20height%3D%27960%27%20fill-opacity%3D%220%22%2F%3E%3C%2Fsvg%3E\" data-orig-src=\"http:\/\/blau-weiss-spandau.de\/wordpress\/wp-content\/uploads\/2015\/03\/11046447_935122166518267_3638413030159307937_o.jpg\" alt=\"\" width=\"1280\" height=\"960\" \/><\/p>\n<p style=\"text-align: justify;\">Erstes Punktspiel in der R\u00fcckrunde und endlich wieder auf dem Rasen, bei tollem Wetter war auch die Stimmung prima. Leider hat sich gleich beim warm machen unser Hagen verletzt, so dass ich schnell einen Auswechselspieler organisieren musste&#8230;Gott sei dank war Saygin (G Jugend Spieler) dabei, er ist sofort eingesprungen und das hat sich auch gelohnt der kleine Mann schoss bei den gro\u00dfen Gegner auch ein Tor&#8230;..super mein kleiner Held&#8230;.auch meine anderen Bengel waren super <span class=\"text_exposed_show\">drauf und schossen sich gleich in der ersten Halbzeit (5:1) warm&#8230;.Baran machte gleich 4. Tore. Ammar hatte in der zweiten Halbzeit seinen Lauf und machte durch Noel&#8217;s super Zuspiele und Flanken 2 Tore&#8230;.Unser Torh\u00fcter Luke hat \u00fcberragend gehalten und trotz gr\u00f6\u00dferem Tor (nach der Hallensaison) keine Probleme&#8230;.Ich bin auf Euch alle super stolz&#8230;Ihr habt das ge\u00fcbte super umgesetzt&#8230;.das wird eine tolle R\u00fcckrunde&#8230;davon bin ich \u00fcberzeugt<\/span><\/p>\n<table>\n<tbody>\n<tr style=\"font-style: inherit; font-weight: inherit;\">\n<td><span style=\"font-style: inherit; font-weight: inherit;\">Sa, 07.03.15 <\/span><span style=\"font-style: inherit; font-weight: inherit;\">10:30<\/span><\/td>\n<td>\n<p style=\"font-style: inherit;\">FV Bl.-W. Spandau III<\/p>\n<\/td>\n<td><strong>7:1<\/strong><\/td>\n<td>\n<p style=\"font-style: inherit;\">SF Kladow III<\/p>\n<\/td>\n<\/tr>\n<\/tbody>\n<\/table>\n","protected":false},"excerpt":{"rendered":"<p>Erstes Punktspiel in der R\u00fcckrunde und endlich wieder auf dem  [&#8230;]<\/p>\n","protected":false},"author":45,"featured_media":4678,"comment_status":"closed","ping_status":"closed","sticky":false,"template":"","format":"standard","meta":{"_acf_changed":false,"inline_featured_image":false,"footnotes":""},"categories":[1],"tags":[],"class_list":["post-4674","post","type-post","status-publish","format-standard","has-post-thumbnail","hentry","category-allgemein"],"acf":[],"_links":{"self":[{"href":"https:\/\/www.blau-weiss-spandau.de\/wordpress\/wp-json\/wp\/v2\/posts\/4674","targetHints":{"allow":["GET"]}}],"collection":[{"href":"https:\/\/www.blau-weiss-spandau.de\/wordpress\/wp-json\/wp\/v2\/posts"}],"about":[{"href":"https:\/\/www.blau-weiss-spandau.de\/wordpress\/wp-json\/wp\/v2\/types\/post"}],"author":[{"embeddable":true,"href":"https:\/\/www.blau-weiss-spandau.de\/wordpress\/wp-json\/wp\/v2\/users\/45"}],"replies":[{"embeddable":true,"href":"https:\/\/www.blau-weiss-spandau.de\/wordpress\/wp-json\/wp\/v2\/comments?post=4674"}],"version-history":[{"count":4,"href":"https:\/\/www.blau-weiss-spandau.de\/wordpress\/wp-json\/wp\/v2\/posts\/4674\/revisions"}],"predecessor-version":[{"id":4680,"href":"https:\/\/www.blau-weiss-spandau.de\/wordpress\/wp-json\/wp\/v2\/posts\/4674\/revisions\/4680"}],"wp:featuredmedia":[{"embeddable":true,"href":"https:\/\/www.blau-weiss-spandau.de\/wordpress\/wp-json\/wp\/v2\/media\/4678"}],"wp:attachment":[{"href":"https:\/\/www.blau-weiss-spandau.de\/wordpress\/wp-json\/wp\/v2\/media?parent=4674"}],"wp:term":[{"taxonomy":"category","embeddable":true,"href":"https:\/\/www.blau-weiss-spandau.de\/wordpress\/wp-json\/wp\/v2\/categories?post=4674"},{"taxonomy":"post_tag","embeddable":true,"href":"https:\/\/www.blau-weiss-spandau.de\/wordpress\/wp-json\/wp\/v2\/tags?post=4674"}],"curies":[{"name":"wp","href":"https:\/\/api.w.org\/{rel}","templated":true}]}}