{"id":5643,"date":"2015-09-20T15:59:36","date_gmt":"2015-09-20T13:59:36","guid":{"rendered":"http:\/\/blau-weiss-spandau.de\/?p=5643"},"modified":"2015-09-20T16:15:25","modified_gmt":"2015-09-20T14:15:25","slug":"1-f-jugend-stellt-sich-vor","status":"publish","type":"post","link":"https:\/\/www.blau-weiss-spandau.de\/wordpress\/1-f-jugend-stellt-sich-vor\/","title":{"rendered":"1. F Jugend stellt sich vor"},"content":{"rendered":"<p>Die nunmehr 1. F spielt in der jetzigen Konstellation schon einige Zeit zusammen. Letztes Jahr als 2. F noch mit den Trainern Guido Nehritz und Mustafa Taflan. Diese Saison mit Mustafa als alleinigem Trainer. Training ist Dienstag in der Wilhelmstra\u00dfe und Freitag in der Jaczostra\u00dfe. Die Mannschaft ist ein gutes Team, hat Spa\u00df und auch die Eltern sind regelm\u00e4\u00dfig unterst\u00fctzend bei Spielen dabei.<\/p>\n<p>Nach bitteren Niederlagen Anfang der letzten Saison geht es seit gut einem halben Jahr stetig bergauf. Seitdem hat die Mannschaft sowohl bei Punktspielen als auch bei Turnieren eine deutlich positive Bilanz.<\/p>\n<p>&nbsp;<\/p>\n<p><a href=\"http:\/\/blau-weiss-spandau.de\/wordpress\/wp-content\/uploads\/2015\/09\/IMG-20150920-WA0001.jpg\"><img decoding=\"async\" class=\"lazyload alignnone size-medium wp-image-5644\" src=\"http:\/\/blau-weiss-spandau.de\/wordpress\/wp-content\/uploads\/2015\/09\/IMG-20150920-WA0001-300x272.jpg\" data-orig-src=\"http:\/\/blau-weiss-spandau.de\/wordpress\/wp-content\/uploads\/2015\/09\/IMG-20150920-WA0001-300x272.jpg\" alt=\"IMG-20150920-WA0001\" width=\"300\" height=\"272\" srcset=\"data:image\/svg+xml,%3Csvg%20xmlns%3D%27http%3A%2F%2Fwww.w3.org%2F2000%2Fsvg%27%20width%3D%27300%27%20height%3D%27272%27%20viewBox%3D%270%200%20300%20272%27%3E%3Crect%20width%3D%27300%27%20height%3D%27272%27%20fill-opacity%3D%220%22%2F%3E%3C%2Fsvg%3E\" data-srcset=\"https:\/\/www.blau-weiss-spandau.de\/wordpress\/wp-content\/uploads\/2015\/09\/IMG-20150920-WA0001-300x272.jpg 300w, https:\/\/www.blau-weiss-spandau.de\/wordpress\/wp-content\/uploads\/2015\/09\/IMG-20150920-WA0001-1024x929.jpg 1024w, https:\/\/www.blau-weiss-spandau.de\/wordpress\/wp-content\/uploads\/2015\/09\/IMG-20150920-WA0001.jpg 1160w\" data-sizes=\"auto\" data-orig-sizes=\"(max-width: 300px) 100vw, 300px\" \/><\/a><\/p>\n<p>Cyrus, Max, Amadu, Trainer Mustafa, Elias, Felix (liegend), Kahn, Carlos, Erfan (direkt davor) Mohammed, Djarmil und Thanapon.<\/p>\n<p>Es fehlen, Orkan und Mike<\/p>\n","protected":false},"excerpt":{"rendered":"<p>Die nunmehr 1. F spielt in der jetzigen Konstellation schon  [&#8230;]<\/p>\n","protected":false},"author":45,"featured_media":0,"comment_status":"closed","ping_status":"closed","sticky":false,"template":"","format":"standard","meta":{"_acf_changed":false,"inline_featured_image":false,"footnotes":""},"categories":[1],"tags":[],"class_list":["post-5643","post","type-post","status-publish","format-standard","hentry","category-allgemein"],"acf":[],"_links":{"self":[{"href":"https:\/\/www.blau-weiss-spandau.de\/wordpress\/wp-json\/wp\/v2\/posts\/5643","targetHints":{"allow":["GET"]}}],"collection":[{"href":"https:\/\/www.blau-weiss-spandau.de\/wordpress\/wp-json\/wp\/v2\/posts"}],"about":[{"href":"https:\/\/www.blau-weiss-spandau.de\/wordpress\/wp-json\/wp\/v2\/types\/post"}],"author":[{"embeddable":true,"href":"https:\/\/www.blau-weiss-spandau.de\/wordpress\/wp-json\/wp\/v2\/users\/45"}],"replies":[{"embeddable":true,"href":"https:\/\/www.blau-weiss-spandau.de\/wordpress\/wp-json\/wp\/v2\/comments?post=5643"}],"version-history":[{"count":3,"href":"https:\/\/www.blau-weiss-spandau.de\/wordpress\/wp-json\/wp\/v2\/posts\/5643\/revisions"}],"predecessor-version":[{"id":5647,"href":"https:\/\/www.blau-weiss-spandau.de\/wordpress\/wp-json\/wp\/v2\/posts\/5643\/revisions\/5647"}],"wp:attachment":[{"href":"https:\/\/www.blau-weiss-spandau.de\/wordpress\/wp-json\/wp\/v2\/media?parent=5643"}],"wp:term":[{"taxonomy":"category","embeddable":true,"href":"https:\/\/www.blau-weiss-spandau.de\/wordpress\/wp-json\/wp\/v2\/categories?post=5643"},{"taxonomy":"post_tag","embeddable":true,"href":"https:\/\/www.blau-weiss-spandau.de\/wordpress\/wp-json\/wp\/v2\/tags?post=5643"}],"curies":[{"name":"wp","href":"https:\/\/api.w.org\/{rel}","templated":true}]}}