{"id":5666,"date":"2015-09-24T06:17:59","date_gmt":"2015-09-24T04:17:59","guid":{"rendered":"http:\/\/blau-weiss-spandau.de\/?p=5666"},"modified":"2015-09-24T06:17:59","modified_gmt":"2015-09-24T04:17:59","slug":"1-maenner-saison-201516","status":"publish","type":"post","link":"https:\/\/www.blau-weiss-spandau.de\/wordpress\/1-maenner-saison-201516\/","title":{"rendered":"1. M\u00e4nner Saison 2015\/16"},"content":{"rendered":"<div id=\"attachment_5663\" style=\"width: 1034px\" class=\"wp-caption aligncenter\"><a href=\"http:\/\/blau-weiss-spandau.de\/wordpress\/wp-content\/uploads\/2015\/09\/Foto.jpg\"><img decoding=\"async\" aria-describedby=\"caption-attachment-5663\" class=\"lazyload size-large wp-image-5663\" src=\"http:\/\/blau-weiss-spandau.de\/wordpress\/wp-content\/uploads\/2015\/09\/Foto-1024x683.jpg\" data-orig-src=\"http:\/\/blau-weiss-spandau.de\/wordpress\/wp-content\/uploads\/2015\/09\/Foto-1024x683.jpg\" alt=\"H.R.v.l. : Kevin ZECHA, Erdem YAZIR, Anthony KNAAK, Daniel BALICKI, Yusuf YILDIRIM, Onur UGUR, Onurhan K\u00dcC\u00dcK und Marco  M\u00dcLLER. M.R.v.l. : Torwart-Trainer Mark KLIETZ, Betreuer Ferdinand SCHULZ, Justin BROSE, Mirco KLEMMSTEIN, Burak KAPLAN, Jamill MAVULA, Sebastian VAN LOOSEN, Daniel NIETSCH, Sebastian SCHULZ, Alexander STREHL, Florian NAWROTH und Trainer Axel VOGEL. V.R.v.l. : Physiotherapeut Wolfgang M\u00dcLLER, Pantoi G\u00dcSSAU, Kamil KUBERA, Pedro BORGES FERREIRA, Mounir BOUAZZA, Francisco DAS CHAGAS LIMA, Tobias B\u00d6HME und Benjamin KASPER.\" width=\"1024\" height=\"683\" srcset=\"data:image\/svg+xml,%3Csvg%20xmlns%3D%27http%3A%2F%2Fwww.w3.org%2F2000%2Fsvg%27%20width%3D%271024%27%20height%3D%27683%27%20viewBox%3D%270%200%201024%20683%27%3E%3Crect%20width%3D%271024%27%20height%3D%27683%27%20fill-opacity%3D%220%22%2F%3E%3C%2Fsvg%3E\" data-srcset=\"https:\/\/www.blau-weiss-spandau.de\/wordpress\/wp-content\/uploads\/2015\/09\/Foto-300x200.jpg 300w, https:\/\/www.blau-weiss-spandau.de\/wordpress\/wp-content\/uploads\/2015\/09\/Foto-1024x683.jpg 1024w, https:\/\/www.blau-weiss-spandau.de\/wordpress\/wp-content\/uploads\/2015\/09\/Foto.jpg 5184w\" data-sizes=\"auto\" data-orig-sizes=\"(max-width: 1024px) 100vw, 1024px\" \/><\/a><p id=\"caption-attachment-5663\" class=\"wp-caption-text\">H.R.v.l. : Kevin ZECHA, Erdem YAZIR, Anthony KNAAK, Daniel BALICKI, Yusuf YILDIRIM, Onur UGUR, Onurhan K\u00dcC\u00dcK und Marco M\u00dcLLER.<br \/>M.R.v.l. : Torwart-Trainer Mark KLIETZ, Betreuer Ferdinand SCHULZ, Justin BROSE, Mirco KLEMMSTEIN, Burak KAPLAN, Jamill MAVULA, Sebastian VAN LOOSEN, Daniel NIETSCH, Sebastian SCHULZ, Alexander STREHL, Florian NAWROTH und Trainer Axel VOGEL.<br \/>V.R.v.l. : Physiotherapeut Wolfgang M\u00dcLLER, Pantoi G\u00dcSSAU, Kamil KUBERA, Pedro BORGES FERREIRA, Mounir BOUAZZA, Francisco DAS CHAGAS LIMA, Tobias B\u00d6HME und Benjamin KASPER.<\/p><\/div>\n","protected":false},"excerpt":{"rendered":"","protected":false},"author":45,"featured_media":5148,"comment_status":"closed","ping_status":"closed","sticky":false,"template":"","format":"standard","meta":{"_acf_changed":false,"inline_featured_image":false,"footnotes":""},"categories":[1],"tags":[],"class_list":["post-5666","post","type-post","status-publish","format-standard","has-post-thumbnail","hentry","category-allgemein"],"acf":[],"_links":{"self":[{"href":"https:\/\/www.blau-weiss-spandau.de\/wordpress\/wp-json\/wp\/v2\/posts\/5666","targetHints":{"allow":["GET"]}}],"collection":[{"href":"https:\/\/www.blau-weiss-spandau.de\/wordpress\/wp-json\/wp\/v2\/posts"}],"about":[{"href":"https:\/\/www.blau-weiss-spandau.de\/wordpress\/wp-json\/wp\/v2\/types\/post"}],"author":[{"embeddable":true,"href":"https:\/\/www.blau-weiss-spandau.de\/wordpress\/wp-json\/wp\/v2\/users\/45"}],"replies":[{"embeddable":true,"href":"https:\/\/www.blau-weiss-spandau.de\/wordpress\/wp-json\/wp\/v2\/comments?post=5666"}],"version-history":[{"count":1,"href":"https:\/\/www.blau-weiss-spandau.de\/wordpress\/wp-json\/wp\/v2\/posts\/5666\/revisions"}],"predecessor-version":[{"id":5667,"href":"https:\/\/www.blau-weiss-spandau.de\/wordpress\/wp-json\/wp\/v2\/posts\/5666\/revisions\/5667"}],"wp:featuredmedia":[{"embeddable":true,"href":"https:\/\/www.blau-weiss-spandau.de\/wordpress\/wp-json\/wp\/v2\/media\/5148"}],"wp:attachment":[{"href":"https:\/\/www.blau-weiss-spandau.de\/wordpress\/wp-json\/wp\/v2\/media?parent=5666"}],"wp:term":[{"taxonomy":"category","embeddable":true,"href":"https:\/\/www.blau-weiss-spandau.de\/wordpress\/wp-json\/wp\/v2\/categories?post=5666"},{"taxonomy":"post_tag","embeddable":true,"href":"https:\/\/www.blau-weiss-spandau.de\/wordpress\/wp-json\/wp\/v2\/tags?post=5666"}],"curies":[{"name":"wp","href":"https:\/\/api.w.org\/{rel}","templated":true}]}}