{"id":5758,"date":"2015-10-16T19:08:25","date_gmt":"2015-10-16T17:08:25","guid":{"rendered":"http:\/\/blau-weiss-spandau.de\/?p=5758"},"modified":"2018-01-25T14:36:47","modified_gmt":"2018-01-25T12:36:47","slug":"winter-und-hallenplaene","status":"publish","type":"post","link":"https:\/\/www.blau-weiss-spandau.de\/wordpress\/winter-und-hallenplaene\/","title":{"rendered":"Winter- und Hallenpl\u00e4ne"},"content":{"rendered":"<p>Hier nun die Pl\u00e4ne f\u00fcr den Winter 2015\/16 f\u00fcr die Halle und drau\u00dfen<\/p>\n<p><a href=\"http:\/\/blau-weiss-spandau.de\/wordpress\/wp-content\/uploads\/2013\/11\/Halle_2015_16_3.jpg\"><img decoding=\"async\" class=\"lazyload alignnone wp-image-5793 size-full\" src=\"http:\/\/blau-weiss-spandau.de\/wordpress\/wp-content\/uploads\/2013\/11\/Halle_2015_16_3.jpg\" data-orig-src=\"http:\/\/blau-weiss-spandau.de\/wordpress\/wp-content\/uploads\/2013\/11\/Halle_2015_16_3.jpg\" alt=\"\" width=\"1007\" height=\"733\" srcset=\"data:image\/svg+xml,%3Csvg%20xmlns%3D%27http%3A%2F%2Fwww.w3.org%2F2000%2Fsvg%27%20width%3D%271007%27%20height%3D%27733%27%20viewBox%3D%270%200%201007%20733%27%3E%3Crect%20width%3D%271007%27%20height%3D%27733%27%20fill-opacity%3D%220%22%2F%3E%3C%2Fsvg%3E\" data-srcset=\"https:\/\/www.blau-weiss-spandau.de\/wordpress\/wp-content\/uploads\/2013\/11\/Halle_2015_16_3-300x218.jpg 300w, https:\/\/www.blau-weiss-spandau.de\/wordpress\/wp-content\/uploads\/2013\/11\/Halle_2015_16_3.jpg 1007w\" data-sizes=\"auto\" data-orig-sizes=\"(max-width: 1007px) 100vw, 1007px\" \/><\/a> <a href=\"http:\/\/blau-weiss-spandau.de\/wordpress\/wp-content\/uploads\/2013\/11\/drau\u00dfen_2015_16_1.jpg\"><img decoding=\"async\" class=\"lazyload alignnone wp-image-5772 size-full\" src=\"http:\/\/blau-weiss-spandau.de\/wordpress\/wp-content\/uploads\/2013\/11\/drau\u00dfen_2015_16_1.jpg\" data-orig-src=\"http:\/\/blau-weiss-spandau.de\/wordpress\/wp-content\/uploads\/2013\/11\/drau\u00dfen_2015_16_1.jpg\" alt=\"\" width=\"929\" height=\"704\" srcset=\"data:image\/svg+xml,%3Csvg%20xmlns%3D%27http%3A%2F%2Fwww.w3.org%2F2000%2Fsvg%27%20width%3D%27929%27%20height%3D%27704%27%20viewBox%3D%270%200%20929%20704%27%3E%3Crect%20width%3D%27929%27%20height%3D%27704%27%20fill-opacity%3D%220%22%2F%3E%3C%2Fsvg%3E\" data-srcset=\"https:\/\/www.blau-weiss-spandau.de\/wordpress\/wp-content\/uploads\/2013\/11\/drau\u00dfen_2015_16_1-300x227.jpg 300w, https:\/\/www.blau-weiss-spandau.de\/wordpress\/wp-content\/uploads\/2013\/11\/drau\u00dfen_2015_16_1.jpg 929w\" data-sizes=\"auto\" data-orig-sizes=\"(max-width: 929px) 100vw, 929px\" \/><\/a><\/p>\n","protected":false},"excerpt":{"rendered":"<p>Hier nun die Pl\u00e4ne f\u00fcr den Winter 2015\/16 f\u00fcr die  [&#8230;]<\/p>\n","protected":false},"author":45,"featured_media":5148,"comment_status":"closed","ping_status":"closed","sticky":false,"template":"","format":"standard","meta":{"_acf_changed":false,"inline_featured_image":false,"footnotes":""},"categories":[1],"tags":[],"class_list":["post-5758","post","type-post","status-publish","format-standard","has-post-thumbnail","hentry","category-allgemein"],"acf":[],"_links":{"self":[{"href":"https:\/\/www.blau-weiss-spandau.de\/wordpress\/wp-json\/wp\/v2\/posts\/5758","targetHints":{"allow":["GET"]}}],"collection":[{"href":"https:\/\/www.blau-weiss-spandau.de\/wordpress\/wp-json\/wp\/v2\/posts"}],"about":[{"href":"https:\/\/www.blau-weiss-spandau.de\/wordpress\/wp-json\/wp\/v2\/types\/post"}],"author":[{"embeddable":true,"href":"https:\/\/www.blau-weiss-spandau.de\/wordpress\/wp-json\/wp\/v2\/users\/45"}],"replies":[{"embeddable":true,"href":"https:\/\/www.blau-weiss-spandau.de\/wordpress\/wp-json\/wp\/v2\/comments?post=5758"}],"version-history":[{"count":8,"href":"https:\/\/www.blau-weiss-spandau.de\/wordpress\/wp-json\/wp\/v2\/posts\/5758\/revisions"}],"predecessor-version":[{"id":7352,"href":"https:\/\/www.blau-weiss-spandau.de\/wordpress\/wp-json\/wp\/v2\/posts\/5758\/revisions\/7352"}],"wp:featuredmedia":[{"embeddable":true,"href":"https:\/\/www.blau-weiss-spandau.de\/wordpress\/wp-json\/wp\/v2\/media\/5148"}],"wp:attachment":[{"href":"https:\/\/www.blau-weiss-spandau.de\/wordpress\/wp-json\/wp\/v2\/media?parent=5758"}],"wp:term":[{"taxonomy":"category","embeddable":true,"href":"https:\/\/www.blau-weiss-spandau.de\/wordpress\/wp-json\/wp\/v2\/categories?post=5758"},{"taxonomy":"post_tag","embeddable":true,"href":"https:\/\/www.blau-weiss-spandau.de\/wordpress\/wp-json\/wp\/v2\/tags?post=5758"}],"curies":[{"name":"wp","href":"https:\/\/api.w.org\/{rel}","templated":true}]}}