{"id":6131,"date":"2016-03-09T21:32:48","date_gmt":"2016-03-09T19:32:48","guid":{"rendered":"http:\/\/blau-weiss-spandau.de\/?p=6131"},"modified":"2016-03-09T21:32:48","modified_gmt":"2016-03-09T19:32:48","slug":"sieg-der-2-herren-im-spitzenspiel-gegen-hfc-schwarz-weiss","status":"publish","type":"post","link":"https:\/\/www.blau-weiss-spandau.de\/wordpress\/sieg-der-2-herren-im-spitzenspiel-gegen-hfc-schwarz-weiss\/","title":{"rendered":"Sieg der 2. Herren im Spitzenspiel gegen HFC Schwarz Weiss"},"content":{"rendered":"<p>6:0 besiegten unsere 2. Herren um Trainer Sascha Wernitz. Es war ein geschlossene und starke Leistung der gesamten Mannschaft. Die gelungene und \u00e4u\u00dferst abwechslungsreiche R\u00fcckrundenvorbereitung spiegelten sich im Ergebnis wieder.<\/p>\n<p>Die Tore f\u00fcr Blau Weiss erzielten: Abbas, Nawroth, M\u00fcller, Yildirim, Kaan und Erol.<\/p>\n<p><a href=\"http:\/\/blau-weiss-spandau.de\/wordpress\/wp-content\/uploads\/2016\/03\/1419940_975504369184505_584306712_n.jpg\" rel=\"attachment wp-att-6132\"><img decoding=\"async\" class=\"lazyload alignnone size-full wp-image-6132\" src=\"http:\/\/blau-weiss-spandau.de\/wordpress\/wp-content\/uploads\/2016\/03\/1419940_975504369184505_584306712_n.jpg\" data-orig-src=\"http:\/\/blau-weiss-spandau.de\/wordpress\/wp-content\/uploads\/2016\/03\/1419940_975504369184505_584306712_n.jpg\" alt=\"1419940_975504369184505_584306712_n\" width=\"960\" height=\"533\" srcset=\"data:image\/svg+xml,%3Csvg%20xmlns%3D%27http%3A%2F%2Fwww.w3.org%2F2000%2Fsvg%27%20width%3D%27960%27%20height%3D%27533%27%20viewBox%3D%270%200%20960%20533%27%3E%3Crect%20width%3D%27960%27%20height%3D%27533%27%20fill-opacity%3D%220%22%2F%3E%3C%2Fsvg%3E\" data-srcset=\"https:\/\/www.blau-weiss-spandau.de\/wordpress\/wp-content\/uploads\/2016\/03\/1419940_975504369184505_584306712_n-300x167.jpg 300w, https:\/\/www.blau-weiss-spandau.de\/wordpress\/wp-content\/uploads\/2016\/03\/1419940_975504369184505_584306712_n-768x426.jpg 768w, https:\/\/www.blau-weiss-spandau.de\/wordpress\/wp-content\/uploads\/2016\/03\/1419940_975504369184505_584306712_n.jpg 960w\" data-sizes=\"auto\" data-orig-sizes=\"(max-width: 960px) 100vw, 960px\" \/><\/a><\/p>\n","protected":false},"excerpt":{"rendered":"<p>6:0 besiegten unsere 2. Herren um Trainer Sascha Wernitz. Es  [&#8230;]<\/p>\n","protected":false},"author":45,"featured_media":0,"comment_status":"closed","ping_status":"closed","sticky":false,"template":"","format":"standard","meta":{"_acf_changed":false,"inline_featured_image":false,"footnotes":""},"categories":[1],"tags":[],"class_list":["post-6131","post","type-post","status-publish","format-standard","hentry","category-allgemein"],"acf":[],"_links":{"self":[{"href":"https:\/\/www.blau-weiss-spandau.de\/wordpress\/wp-json\/wp\/v2\/posts\/6131","targetHints":{"allow":["GET"]}}],"collection":[{"href":"https:\/\/www.blau-weiss-spandau.de\/wordpress\/wp-json\/wp\/v2\/posts"}],"about":[{"href":"https:\/\/www.blau-weiss-spandau.de\/wordpress\/wp-json\/wp\/v2\/types\/post"}],"author":[{"embeddable":true,"href":"https:\/\/www.blau-weiss-spandau.de\/wordpress\/wp-json\/wp\/v2\/users\/45"}],"replies":[{"embeddable":true,"href":"https:\/\/www.blau-weiss-spandau.de\/wordpress\/wp-json\/wp\/v2\/comments?post=6131"}],"version-history":[{"count":1,"href":"https:\/\/www.blau-weiss-spandau.de\/wordpress\/wp-json\/wp\/v2\/posts\/6131\/revisions"}],"predecessor-version":[{"id":6133,"href":"https:\/\/www.blau-weiss-spandau.de\/wordpress\/wp-json\/wp\/v2\/posts\/6131\/revisions\/6133"}],"wp:attachment":[{"href":"https:\/\/www.blau-weiss-spandau.de\/wordpress\/wp-json\/wp\/v2\/media?parent=6131"}],"wp:term":[{"taxonomy":"category","embeddable":true,"href":"https:\/\/www.blau-weiss-spandau.de\/wordpress\/wp-json\/wp\/v2\/categories?post=6131"},{"taxonomy":"post_tag","embeddable":true,"href":"https:\/\/www.blau-weiss-spandau.de\/wordpress\/wp-json\/wp\/v2\/tags?post=6131"}],"curies":[{"name":"wp","href":"https:\/\/api.w.org\/{rel}","templated":true}]}}