{"id":6136,"date":"2016-03-13T09:03:41","date_gmt":"2016-03-13T07:03:41","guid":{"rendered":"http:\/\/blau-weiss-spandau.de\/?p=6136"},"modified":"2016-03-13T09:03:41","modified_gmt":"2016-03-13T07:03:41","slug":"pokalueberraschung-der-blau-weiss-damen","status":"publish","type":"post","link":"https:\/\/www.blau-weiss-spandau.de\/wordpress\/pokalueberraschung-der-blau-weiss-damen\/","title":{"rendered":"Pokal\u00fcberraschung der Blau-Wei\u00df-Damen"},"content":{"rendered":"<p style=\"text-align: justify;\">Kleiner R\u00fcckblick: In der Qualifikationsrunde f\u00fcr den Berliner Pokal mussten wir nicht antreten, da die gegnerische Mannschaft ihr Team zur\u00fcckgezogen hat. In der 1. Hauptrunde haben wir im Spandauer Derby die Landesligisten Spandauer Kickers mit 5:0 besiegt. Im Achtelfinal sind wir wieder auf einen Landesligisten gesto\u00dfen, diesmal auf Blau-Wei\u00df Berlin 1890. Auch diese Mannschaft konnten wir ausw\u00e4rts mit 2:1 besiegen und sind somit ins Viertelfinale eingezogen \u2013 die Freude hier\u00fcber war riesengro\u00df. Dann ergab die Pokalauslosung das wir gegen den Tabellendritten der Verbandsliga, den 1. FC Berlin, antreten m\u00fcssen. Da wir derzeit insgesamt aufgrund von Austritten und Verletzungen nur acht spielf\u00e4hige Spielerinnen haben, gestaltete es sich schon sehr schwierig, \u00fcberhaupt am letzten Mittwoch antreten zu k\u00f6nnen. Wir haben mit zwei erkrankten Spielerinnen zwar \u201e7\u201c zusammen bekommen, uns aber nicht wirklich eine gro\u00dfe Chance ausgerechnet. Aber was soll ich sagen, auch diese Mannschaft haben wir besiegt. Es war ein tolles Spiel und wir hatten mehr Ballbesitz als die Gegnerinnen. Diese sind zwar nach ca. 10 Minuten mit 1:0 in F\u00fchrung gegangen, kurz vor Schluss konnten wir aber den Ausgleich erzielen. Dann hie\u00df es Neun-Meter-Schie\u00dfen und auch dies konnten wir nach einer gef\u00fchlten Ewigkeit f\u00fcr uns entscheiden. Jetzt hei\u00dft es: HALBFINALE!!!!! Vielen Dank an dieser Stelle an die Fans, die uns angefeuert und sich am Ende f\u00fcr uns und mit uns gefreut haben.<\/p>\n<p style=\"text-align: justify;\">Die Auslosung f\u00fcr das Halbfinale findet am 14.04. statt. Im Rennen sind au\u00dfer uns noch Platz 1 + 2 der Verbandsliga (TeBe und Hertha 03) und Platz 1 unserer Bezirksligastaffel \u2013 der VfB Hermsdorf. Es bleibt spannend\u2026.<\/p>\n<p style=\"text-align: justify;\">An dieser Stelle nochmal ein ganz gro\u00dfes Lob an die Mannschaft. Alle haben bis zum Umfallen gek\u00e4mpft, hier ist niemand hervorzuheben. Das war ein tolle Mannschaftsleistung.<\/p>\n","protected":false},"excerpt":{"rendered":"<p>Kleiner R\u00fcckblick: In der Qualifikationsrunde f\u00fcr den Berliner Pokal mussten  [&#8230;]<\/p>\n","protected":false},"author":45,"featured_media":0,"comment_status":"closed","ping_status":"closed","sticky":false,"template":"","format":"standard","meta":{"_acf_changed":false,"inline_featured_image":false,"footnotes":""},"categories":[1],"tags":[],"class_list":["post-6136","post","type-post","status-publish","format-standard","hentry","category-allgemein"],"acf":[],"_links":{"self":[{"href":"https:\/\/www.blau-weiss-spandau.de\/wordpress\/wp-json\/wp\/v2\/posts\/6136","targetHints":{"allow":["GET"]}}],"collection":[{"href":"https:\/\/www.blau-weiss-spandau.de\/wordpress\/wp-json\/wp\/v2\/posts"}],"about":[{"href":"https:\/\/www.blau-weiss-spandau.de\/wordpress\/wp-json\/wp\/v2\/types\/post"}],"author":[{"embeddable":true,"href":"https:\/\/www.blau-weiss-spandau.de\/wordpress\/wp-json\/wp\/v2\/users\/45"}],"replies":[{"embeddable":true,"href":"https:\/\/www.blau-weiss-spandau.de\/wordpress\/wp-json\/wp\/v2\/comments?post=6136"}],"version-history":[{"count":1,"href":"https:\/\/www.blau-weiss-spandau.de\/wordpress\/wp-json\/wp\/v2\/posts\/6136\/revisions"}],"predecessor-version":[{"id":6137,"href":"https:\/\/www.blau-weiss-spandau.de\/wordpress\/wp-json\/wp\/v2\/posts\/6136\/revisions\/6137"}],"wp:attachment":[{"href":"https:\/\/www.blau-weiss-spandau.de\/wordpress\/wp-json\/wp\/v2\/media?parent=6136"}],"wp:term":[{"taxonomy":"category","embeddable":true,"href":"https:\/\/www.blau-weiss-spandau.de\/wordpress\/wp-json\/wp\/v2\/categories?post=6136"},{"taxonomy":"post_tag","embeddable":true,"href":"https:\/\/www.blau-weiss-spandau.de\/wordpress\/wp-json\/wp\/v2\/tags?post=6136"}],"curies":[{"name":"wp","href":"https:\/\/api.w.org\/{rel}","templated":true}]}}