{"id":6195,"date":"2016-04-10T20:47:02","date_gmt":"2016-04-10T18:47:02","guid":{"rendered":"http:\/\/blau-weiss-spandau.de\/?p=6195"},"modified":"2016-04-10T20:47:02","modified_gmt":"2016-04-10T18:47:02","slug":"berliner-verein-erhaelt-stern-des-sports","status":"publish","type":"post","link":"https:\/\/www.blau-weiss-spandau.de\/wordpress\/berliner-verein-erhaelt-stern-des-sports\/","title":{"rendered":"Berliner Verein erh\u00e4lt Stern des Sports"},"content":{"rendered":"<p style=\"text-align: justify;\">FV Blau-Wei\u00df Spandau wurde mit dem \u201eStern des Sports\u201c in Gold ausgezeichnet. Mit der Ma\u00dfnahme \u201eFu\u00dfball und mehr\u201c belegten die Spandauer im bundesweiten Vergleich den zweiten Platz.<\/p>\n<p style=\"text-align: justify;\">Der Verein f\u00f6rdert seit geraumer Zeit Jugendliche mit Migrationshintergrund und bereitet sie gezielt auf eine Berufsausbildung vor.<\/p>\n<p style=\"text-align: justify;\">Jugend-Trainer Axel Vogel stellte vor zwei Jahren die Initiative \u201eFu\u00dfball und mehr\u201c auf die Beine. \u201eIch m\u00f6chte, dass die Jugendlichen einen ordentlichen Schulabschluss schaffen und einen Ausbildungsplatz finden\u201c, erkl\u00e4rt Vogel.<\/p>\n<p style=\"text-align: justify;\">Seine Jungs, heute Spieler der B-Jugend, liegen ihm am Herzen, schlie\u00dflich trainiert er sie schon seit 2006. Die Probleme, die ihm von den Spielern anvertraut werden, reichen l\u00e4ngst \u00fcber die Grenzen des Spielfeldrandes hinaus. \u201eAlles begann, als mir ein Junge von seinen massiven Schulproblemen erz\u00e4hlte. Ich wollte ihm helfen und habe nach L\u00f6sungen gesucht\u201c, erinnert sich der Trainer.<\/p>\n<p style=\"text-align: justify;\">Seine Idee: Nach der Schule folgt ein dreist\u00fcndiges Betriebspraktikum, dann ein warmes Essen im Vereinsheim und bis zum Training am Abend k\u00f6nnen sich die Jugendlichen mit Nachhilfestunden auf den Unterricht vorbereiten oder Vers\u00e4umtes nachholen.<\/p>\n<div id=\"attachment_6196\" style=\"width: 356px\" class=\"wp-caption alignleft\"><a href=\"http:\/\/blau-weiss-spandau.de\/wordpress\/wp-content\/uploads\/2016\/04\/Stern_des_Sports_FV_BW_Spandau_01.jpg\" rel=\"attachment wp-att-6196\"><img decoding=\"async\" aria-describedby=\"caption-attachment-6196\" class=\"lazyload wp-image-6196\" src=\"http:\/\/blau-weiss-spandau.de\/wordpress\/wp-content\/uploads\/2016\/04\/Stern_des_Sports_FV_BW_Spandau_01.jpg\" data-orig-src=\"http:\/\/blau-weiss-spandau.de\/wordpress\/wp-content\/uploads\/2016\/04\/Stern_des_Sports_FV_BW_Spandau_01.jpg\" alt=\"Stern_des_Sports_FV_BW_Spandau_01\" width=\"346\" height=\"230\" srcset=\"data:image\/svg+xml,%3Csvg%20xmlns%3D%27http%3A%2F%2Fwww.w3.org%2F2000%2Fsvg%27%20width%3D%27346%27%20height%3D%27230%27%20viewBox%3D%270%200%20346%20230%27%3E%3Crect%20width%3D%27346%27%20height%3D%27230%27%20fill-opacity%3D%220%22%2F%3E%3C%2Fsvg%3E\" data-srcset=\"https:\/\/www.blau-weiss-spandau.de\/wordpress\/wp-content\/uploads\/2016\/04\/Stern_des_Sports_FV_BW_Spandau_01-300x199.jpg 300w, https:\/\/www.blau-weiss-spandau.de\/wordpress\/wp-content\/uploads\/2016\/04\/Stern_des_Sports_FV_BW_Spandau_01-768x510.jpg 768w, https:\/\/www.blau-weiss-spandau.de\/wordpress\/wp-content\/uploads\/2016\/04\/Stern_des_Sports_FV_BW_Spandau_01.jpg 860w\" data-sizes=\"auto\" data-orig-sizes=\"(max-width: 346px) 100vw, 346px\" \/><\/a><p id=\"caption-attachment-6196\" class=\"wp-caption-text\">Foto: Kai Bienert<\/p><\/div>\n<p style=\"text-align: justify;\">Dank seines Engagements haben rund 20 Jugendliche aus dem Kiez eine feste Anlaufstelle, wenn es Fragen rund um die Schule, zur Bewerbung, oder einer Ausbildungsm\u00f6glichkeit gibt.<\/p>\n<p style=\"text-align: justify;\">Der FV Blau-Weiss Spandau 1903 e.V. wurde vom Bundespr\u00e4sidenten Joachim Gauck f\u00fcr sein Engagement f\u00fcr Jugendliche mit Migrationshintergrund mit dem Stern des Sports in Gold ausgezeichnet.<\/p>\n","protected":false},"excerpt":{"rendered":"<p>FV Blau-Wei\u00df Spandau wurde mit dem \u201eStern des Sports\u201c in  [&#8230;]<\/p>\n","protected":false},"author":45,"featured_media":0,"comment_status":"closed","ping_status":"closed","sticky":false,"template":"","format":"standard","meta":{"_acf_changed":false,"inline_featured_image":false,"footnotes":""},"categories":[1],"tags":[],"class_list":["post-6195","post","type-post","status-publish","format-standard","hentry","category-allgemein"],"acf":[],"_links":{"self":[{"href":"https:\/\/www.blau-weiss-spandau.de\/wordpress\/wp-json\/wp\/v2\/posts\/6195","targetHints":{"allow":["GET"]}}],"collection":[{"href":"https:\/\/www.blau-weiss-spandau.de\/wordpress\/wp-json\/wp\/v2\/posts"}],"about":[{"href":"https:\/\/www.blau-weiss-spandau.de\/wordpress\/wp-json\/wp\/v2\/types\/post"}],"author":[{"embeddable":true,"href":"https:\/\/www.blau-weiss-spandau.de\/wordpress\/wp-json\/wp\/v2\/users\/45"}],"replies":[{"embeddable":true,"href":"https:\/\/www.blau-weiss-spandau.de\/wordpress\/wp-json\/wp\/v2\/comments?post=6195"}],"version-history":[{"count":1,"href":"https:\/\/www.blau-weiss-spandau.de\/wordpress\/wp-json\/wp\/v2\/posts\/6195\/revisions"}],"predecessor-version":[{"id":6197,"href":"https:\/\/www.blau-weiss-spandau.de\/wordpress\/wp-json\/wp\/v2\/posts\/6195\/revisions\/6197"}],"wp:attachment":[{"href":"https:\/\/www.blau-weiss-spandau.de\/wordpress\/wp-json\/wp\/v2\/media?parent=6195"}],"wp:term":[{"taxonomy":"category","embeddable":true,"href":"https:\/\/www.blau-weiss-spandau.de\/wordpress\/wp-json\/wp\/v2\/categories?post=6195"},{"taxonomy":"post_tag","embeddable":true,"href":"https:\/\/www.blau-weiss-spandau.de\/wordpress\/wp-json\/wp\/v2\/tags?post=6195"}],"curies":[{"name":"wp","href":"https:\/\/api.w.org\/{rel}","templated":true}]}}