{"id":6230,"date":"2016-04-19T21:00:23","date_gmt":"2016-04-19T19:00:23","guid":{"rendered":"http:\/\/blau-weiss-spandau.de\/?p=6230"},"modified":"2016-04-19T21:06:09","modified_gmt":"2016-04-19T19:06:09","slug":"bericht-werbelinsee-cup-2-f-jugend","status":"publish","type":"post","link":"https:\/\/www.blau-weiss-spandau.de\/wordpress\/bericht-werbelinsee-cup-2-f-jugend\/","title":{"rendered":"Bericht Werbelinsee-Cup [2.F-Jugend]"},"content":{"rendered":"<p style=\"text-align: justify;\">\n<a href=\"http:\/\/blau-weiss-spandau.de\/wordpress\/wp-content\/uploads\/2016\/04\/afb983afc8.jpg\"><img decoding=\"async\" class=\"lazyload  wp-image-6231 alignleft\" src=\"data:image\/svg+xml,%3Csvg%20xmlns%3D%27http%3A%2F%2Fwww.w3.org%2F2000%2Fsvg%27%20width%3D%2784%27%20height%3D%27153%27%20viewBox%3D%270%200%2084%20153%27%3E%3Crect%20width%3D%2784%27%20height%3D%27153%27%20fill-opacity%3D%220%22%2F%3E%3C%2Fsvg%3E\" data-orig-src=\"http:\/\/blau-weiss-spandau.de\/wordpress\/wp-content\/uploads\/2016\/04\/afb983afc8.jpg\" alt=\"afb983afc8\" width=\"84\" height=\"153\" \/><\/a>Das Wochenende verbrachte die 2.F Jugend bei bekannten Brandenburger Turnier am Werbelinsee. Am Freitag Nachmittag ging es los Richtung Joachimsthal und dem Werbelinsee.<\/p>\n<p style=\"text-align: justify;\">Die Kinder freuten sich riesig auf das Turnier immerhin war es f\u00fcr viele auch das erste Mal das sie von zu Hause weg waren.<\/p>\n<p style=\"text-align: justify;\">Nach der Ankunft ging es als erstes ans Unterkunft beziehen und gleich danach zum ging es zum Abendbrot.<\/p>\n<p style=\"text-align: justify;\">Nach dem Abendbrot ging es ans Sachen auspacken und nachdem es aufgeh\u00f6rt hat zu regnen, erkundeten die Kinder das Gel\u00e4nde mit dem Strand und dem dazugeh\u00f6rigen Spielplatz. Somit ging der erste Abend zuende und die Kinder gingen schlafen.<\/p>\n<p style=\"text-align: justify;\">Hier ein paar Eindr\u00fccke des Gel\u00e4ndes:<\/p>\n<p><a href=\"http:\/\/blau-weiss-spandau.de\/wordpress\/wp-content\/uploads\/2016\/04\/Badewiese_Fruehjahr_2007.jpg\"><img decoding=\"async\" class=\"lazyload alignright wp-image-6239\" src=\"http:\/\/blau-weiss-spandau.de\/wordpress\/wp-content\/uploads\/2016\/04\/Badewiese_Fruehjahr_2007.jpg\" data-orig-src=\"http:\/\/blau-weiss-spandau.de\/wordpress\/wp-content\/uploads\/2016\/04\/Badewiese_Fruehjahr_2007.jpg\" alt=\"338, 58, 209, 0, 1, 476\" width=\"360\" height=\"270\" srcset=\"data:image\/svg+xml,%3Csvg%20xmlns%3D%27http%3A%2F%2Fwww.w3.org%2F2000%2Fsvg%27%20width%3D%27360%27%20height%3D%27270%27%20viewBox%3D%270%200%20360%20270%27%3E%3Crect%20width%3D%27360%27%20height%3D%27270%27%20fill-opacity%3D%220%22%2F%3E%3C%2Fsvg%3E\" data-srcset=\"https:\/\/www.blau-weiss-spandau.de\/wordpress\/wp-content\/uploads\/2016\/04\/Badewiese_Fruehjahr_2007-300x225.jpg 300w, https:\/\/www.blau-weiss-spandau.de\/wordpress\/wp-content\/uploads\/2016\/04\/Badewiese_Fruehjahr_2007-768x576.jpg 768w, https:\/\/www.blau-weiss-spandau.de\/wordpress\/wp-content\/uploads\/2016\/04\/Badewiese_Fruehjahr_2007.jpg 800w\" data-sizes=\"auto\" data-orig-sizes=\"(max-width: 360px) 100vw, 360px\" \/><\/a><\/p>\n<p><a href=\"http:\/\/blau-weiss-spandau.de\/wordpress\/wp-content\/uploads\/2016\/04\/Spielplatz2.jpg\"><img decoding=\"async\" class=\"lazyload alignleft wp-image-6238\" src=\"http:\/\/blau-weiss-spandau.de\/wordpress\/wp-content\/uploads\/2016\/04\/Spielplatz2.jpg\" data-orig-src=\"http:\/\/blau-weiss-spandau.de\/wordpress\/wp-content\/uploads\/2016\/04\/Spielplatz2.jpg\" alt=\"Spielplatz2\" width=\"360\" height=\"270\" srcset=\"data:image\/svg+xml,%3Csvg%20xmlns%3D%27http%3A%2F%2Fwww.w3.org%2F2000%2Fsvg%27%20width%3D%27360%27%20height%3D%27270%27%20viewBox%3D%270%200%20360%20270%27%3E%3Crect%20width%3D%27360%27%20height%3D%27270%27%20fill-opacity%3D%220%22%2F%3E%3C%2Fsvg%3E\" data-srcset=\"https:\/\/www.blau-weiss-spandau.de\/wordpress\/wp-content\/uploads\/2016\/04\/Spielplatz2-300x225.jpg 300w, https:\/\/www.blau-weiss-spandau.de\/wordpress\/wp-content\/uploads\/2016\/04\/Spielplatz2-768x576.jpg 768w, https:\/\/www.blau-weiss-spandau.de\/wordpress\/wp-content\/uploads\/2016\/04\/Spielplatz2.jpg 800w\" data-sizes=\"auto\" data-orig-sizes=\"(max-width: 360px) 100vw, 360px\" \/><\/a><\/p>\n<p>&nbsp;<\/p>\n<p>&nbsp;<\/p>\n<p>&nbsp;<\/p>\n<p>&nbsp;<\/p>\n<p>&nbsp;<\/p>\n<p>&nbsp;<\/p>\n<p>&nbsp;<\/p>\n<p>&nbsp;<\/p>\n<p>&nbsp;<\/p>\n<p>&nbsp;<\/p>\n<p>Am n\u00e4chsten Tag ging es nach dem Fr\u00fchst\u00fcck in den Eberswalder Zoo, da hattend ie Kinder sehr viel Spa\u00df an den verschiedenartigen Tieren. Besonders der L\u00f6we und der Tiger hatten es Ihnen angetan.<\/p>\n<p>Nach dem Besuch ging es zur\u00fcckzum EJB Werbelinsee um Das F-Jugendturnier zu spielen.<\/p>\n<p>Nach einer kurzen St\u00e4rkung, auch Mittagessen genannt, ging es zum Umziehen und dann ins Stadion welches gestern schon begutachtet wurde.<\/p>\n<p>Wir starteten in der Staffel C mit folgenden Mannschaften:<\/p>\n<ul style=\"list-style-type: disc;\">\n<li>SV Stern Britz<\/li>\n<li>SFC Stern<\/li>\n<li>F\u00fcchse Berlin Reinickendorf<\/li>\n<li>FSV Hansa 07<\/li>\n<\/ul>\n<p>Au\u00dfer uns waren nur noch die F\u00fcchse Berlin mit einem 2008-Team angereist so das es interessant wurde wie sich die Jungs gegen \u00e4ltere Teams schlagen w\u00fcrden.<\/p>\n<p>Am Ende des Samstags Turniers gewann man 1 Spiel gegen die Reinickerdorfer F\u00fcchse und die anderen gingen trotz guter Leistung verloren. Die Ergebnisse:<\/p>\n<ol>\n<li>SV Stern Britz &#8211; <strong>FV Blau Weiss Spandau \u00a02:0<\/strong><\/li>\n<li><strong>FV Blau Weiss Spandau<\/strong> &#8211; SFC Stern \u00a00:2<\/li>\n<li><strong>FV Blau Weiss Spandau<\/strong> &#8211; F\u00fcchse Berlin Reinickendorf 2:1<\/li>\n<li><strong>FV Blau Weiss Spandau<\/strong> &#8211; FSV Hansa 07 \u00a03:0<\/li>\n<\/ol>\n<p>Mit dieser Leistung stand man trotzdem in der Silberstafffel am n\u00e4chsten Tag und spielte um Platz 6-10.<\/p>\n<p>Nach dem Abendbrot ging es mit den Jungs zum See, wo sie ein Lagerfeuer selber machen durften und danach dar\u00fcber Stockbrot machen durften. Dies machte allen Kindern Spa\u00df. Man schaffte es p\u00fcnktlich zur Lasershow und dem grandiosen Feuerwerk das alle Kinder ins Staunen versetzte.<\/p>\n<p>Am n\u00e4chsten Tag stand dann noch die Silberstaffel an, in dieser Staffel spielte man gegen:<\/p>\n<ul style=\"list-style-type: disc;\">\n<li>SV Bucholz (<\/li>\n<li>SV Buchholz II<\/li>\n<li>BFC Alemannia<\/li>\n<li>F\u00fcchse Berlin Reinickendorf<\/li>\n<\/ul>\n<p>Auch in dieser Staffel waren nur die F\u00fcchse Berlin mit einem 2008 Team angereist.<\/p>\n<p>An diesem Tag gewannen wir 1 Spiel und spielten unentschieden und denn Rest der Spiele verlor man mit erhobenen Hauptes, da die Gr\u00f6\u00dfe der Gegner oftmals doch entscheidend war, Was sch\u00f6n anzuschauen war, war das sie mit ihrere Spielweise den Gegner oftmals in Schwierigkeiten brachten und dann am Ende der 8. Platz beim Turnier doch verdient war.<\/p>\n<p>Die Ergebnisse:<\/p>\n<ol>\n<li>SV Buchholz II &#8211; FV Blau Weiss Spandau 0:1<\/li>\n<li>FV Blau Weiss Spandau &#8211; F\u00fcchse Berlin Reinickendorf \u00a00:0<\/li>\n<li>BFC Alemannia &#8211; FV Blau Weiss Spandau 1:0<\/li>\n<li>SV Buchholz I &#8211; FV Blau Weiss Spandau 2:0<\/li>\n<\/ol>\n<p>Fazit: Die Kinder haben mit ihrer Leistung gezeigt das sie auch gegen \u00e4ltere mithalten k\u00f6nnen, sie setzten das erlernte um, und nutzen den Platz. Auch der ungewohnte Rasen war kein Problem. Die Trainer sind sehr zufrieden und sehr stolz auf die kleine Rasselbande ;). Wir kommen im n\u00e4chsten Jahr wieder und schauen was dann so wird.<\/p>\n<p>Hier noch ein paar Impressionen:<\/p>\n<p><a href=\"http:\/\/blau-weiss-spandau.de\/wordpress\/wp-content\/uploads\/2016\/04\/DSC0165.jpg\"><img decoding=\"async\" class=\"lazyload alignnone size-full wp-image-6252\" src=\"http:\/\/blau-weiss-spandau.de\/wordpress\/wp-content\/uploads\/2016\/04\/DSC0165.jpg\" data-orig-src=\"http:\/\/blau-weiss-spandau.de\/wordpress\/wp-content\/uploads\/2016\/04\/DSC0165.jpg\" alt=\"_DSC0165\" width=\"4288\" height=\"2848\" srcset=\"data:image\/svg+xml,%3Csvg%20xmlns%3D%27http%3A%2F%2Fwww.w3.org%2F2000%2Fsvg%27%20width%3D%274288%27%20height%3D%272848%27%20viewBox%3D%270%200%204288%202848%27%3E%3Crect%20width%3D%274288%27%20height%3D%272848%27%20fill-opacity%3D%220%22%2F%3E%3C%2Fsvg%3E\" data-srcset=\"https:\/\/www.blau-weiss-spandau.de\/wordpress\/wp-content\/uploads\/2016\/04\/DSC0165-300x199.jpg 300w, https:\/\/www.blau-weiss-spandau.de\/wordpress\/wp-content\/uploads\/2016\/04\/DSC0165-768x510.jpg 768w, https:\/\/www.blau-weiss-spandau.de\/wordpress\/wp-content\/uploads\/2016\/04\/DSC0165-1024x680.jpg 1024w, https:\/\/www.blau-weiss-spandau.de\/wordpress\/wp-content\/uploads\/2016\/04\/DSC0165.jpg 4288w\" data-sizes=\"auto\" data-orig-sizes=\"(max-width: 4288px) 100vw, 4288px\" \/><\/a> <a href=\"http:\/\/blau-weiss-spandau.de\/wordpress\/wp-content\/uploads\/2016\/04\/DSC0051.jpg\"><img decoding=\"async\" class=\"lazyload alignnone size-full wp-image-6253\" src=\"http:\/\/blau-weiss-spandau.de\/wordpress\/wp-content\/uploads\/2016\/04\/DSC0051.jpg\" data-orig-src=\"http:\/\/blau-weiss-spandau.de\/wordpress\/wp-content\/uploads\/2016\/04\/DSC0051.jpg\" alt=\"_DSC0051\" width=\"4288\" height=\"2848\" srcset=\"data:image\/svg+xml,%3Csvg%20xmlns%3D%27http%3A%2F%2Fwww.w3.org%2F2000%2Fsvg%27%20width%3D%274288%27%20height%3D%272848%27%20viewBox%3D%270%200%204288%202848%27%3E%3Crect%20width%3D%274288%27%20height%3D%272848%27%20fill-opacity%3D%220%22%2F%3E%3C%2Fsvg%3E\" data-srcset=\"https:\/\/www.blau-weiss-spandau.de\/wordpress\/wp-content\/uploads\/2016\/04\/DSC0051-300x199.jpg 300w, https:\/\/www.blau-weiss-spandau.de\/wordpress\/wp-content\/uploads\/2016\/04\/DSC0051-768x510.jpg 768w, https:\/\/www.blau-weiss-spandau.de\/wordpress\/wp-content\/uploads\/2016\/04\/DSC0051-1024x680.jpg 1024w, https:\/\/www.blau-weiss-spandau.de\/wordpress\/wp-content\/uploads\/2016\/04\/DSC0051.jpg 4288w\" data-sizes=\"auto\" data-orig-sizes=\"(max-width: 4288px) 100vw, 4288px\" \/><\/a> <a href=\"http:\/\/blau-weiss-spandau.de\/wordpress\/wp-content\/uploads\/2016\/04\/DSC0058.jpg\"><img decoding=\"async\" class=\"lazyload alignnone size-full wp-image-6254\" src=\"http:\/\/blau-weiss-spandau.de\/wordpress\/wp-content\/uploads\/2016\/04\/DSC0058.jpg\" data-orig-src=\"http:\/\/blau-weiss-spandau.de\/wordpress\/wp-content\/uploads\/2016\/04\/DSC0058.jpg\" alt=\"_DSC0058\" width=\"4288\" height=\"2848\" srcset=\"data:image\/svg+xml,%3Csvg%20xmlns%3D%27http%3A%2F%2Fwww.w3.org%2F2000%2Fsvg%27%20width%3D%274288%27%20height%3D%272848%27%20viewBox%3D%270%200%204288%202848%27%3E%3Crect%20width%3D%274288%27%20height%3D%272848%27%20fill-opacity%3D%220%22%2F%3E%3C%2Fsvg%3E\" data-srcset=\"https:\/\/www.blau-weiss-spandau.de\/wordpress\/wp-content\/uploads\/2016\/04\/DSC0058-300x199.jpg 300w, https:\/\/www.blau-weiss-spandau.de\/wordpress\/wp-content\/uploads\/2016\/04\/DSC0058-768x510.jpg 768w, https:\/\/www.blau-weiss-spandau.de\/wordpress\/wp-content\/uploads\/2016\/04\/DSC0058-1024x680.jpg 1024w, https:\/\/www.blau-weiss-spandau.de\/wordpress\/wp-content\/uploads\/2016\/04\/DSC0058.jpg 4288w\" data-sizes=\"auto\" data-orig-sizes=\"(max-width: 4288px) 100vw, 4288px\" \/><\/a><\/p>\n<p style=\"text-align: right;\">0:<\/p>\n<p>mehr Bilder folgen ;)<\/p>\n","protected":false},"excerpt":{"rendered":"<p>Das Wochenende verbrachte die 2.F Jugend bei bekannten Brandenburger Turnier  [&#8230;]<\/p>\n","protected":false},"author":45,"featured_media":6239,"comment_status":"closed","ping_status":"closed","sticky":false,"template":"","format":"standard","meta":{"_acf_changed":false,"inline_featured_image":false,"footnotes":""},"categories":[1],"tags":[],"class_list":["post-6230","post","type-post","status-publish","format-standard","has-post-thumbnail","hentry","category-allgemein"],"acf":[],"_links":{"self":[{"href":"https:\/\/www.blau-weiss-spandau.de\/wordpress\/wp-json\/wp\/v2\/posts\/6230","targetHints":{"allow":["GET"]}}],"collection":[{"href":"https:\/\/www.blau-weiss-spandau.de\/wordpress\/wp-json\/wp\/v2\/posts"}],"about":[{"href":"https:\/\/www.blau-weiss-spandau.de\/wordpress\/wp-json\/wp\/v2\/types\/post"}],"author":[{"embeddable":true,"href":"https:\/\/www.blau-weiss-spandau.de\/wordpress\/wp-json\/wp\/v2\/users\/45"}],"replies":[{"embeddable":true,"href":"https:\/\/www.blau-weiss-spandau.de\/wordpress\/wp-json\/wp\/v2\/comments?post=6230"}],"version-history":[{"count":14,"href":"https:\/\/www.blau-weiss-spandau.de\/wordpress\/wp-json\/wp\/v2\/posts\/6230\/revisions"}],"predecessor-version":[{"id":6258,"href":"https:\/\/www.blau-weiss-spandau.de\/wordpress\/wp-json\/wp\/v2\/posts\/6230\/revisions\/6258"}],"wp:featuredmedia":[{"embeddable":true,"href":"https:\/\/www.blau-weiss-spandau.de\/wordpress\/wp-json\/wp\/v2\/media\/6239"}],"wp:attachment":[{"href":"https:\/\/www.blau-weiss-spandau.de\/wordpress\/wp-json\/wp\/v2\/media?parent=6230"}],"wp:term":[{"taxonomy":"category","embeddable":true,"href":"https:\/\/www.blau-weiss-spandau.de\/wordpress\/wp-json\/wp\/v2\/categories?post=6230"},{"taxonomy":"post_tag","embeddable":true,"href":"https:\/\/www.blau-weiss-spandau.de\/wordpress\/wp-json\/wp\/v2\/tags?post=6230"}],"curies":[{"name":"wp","href":"https:\/\/api.w.org\/{rel}","templated":true}]}}