{"id":6302,"date":"2016-05-13T13:57:41","date_gmt":"2016-05-13T11:57:41","guid":{"rendered":"http:\/\/blau-weiss-spandau.de\/?p=6302"},"modified":"2016-05-13T13:57:41","modified_gmt":"2016-05-13T11:57:41","slug":"2-f-jugend-faehrt-am-wochenende-zum-elbe-cup","status":"publish","type":"post","link":"https:\/\/www.blau-weiss-spandau.de\/wordpress\/2-f-jugend-faehrt-am-wochenende-zum-elbe-cup\/","title":{"rendered":"2. F- Jugend f\u00e4hrt am Wochenende zum Elbe Cup"},"content":{"rendered":"<p><img decoding=\"async\" class=\"lazyload  alignleft\" src=\"data:image\/svg+xml,%3Csvg%20xmlns%3D%27http%3A%2F%2Fwww.w3.org%2F2000%2Fsvg%27%20width%3D%2747%27%20height%3D%27125%27%20viewBox%3D%270%200%2047%20125%27%3E%3Crect%20width%3D%2747%27%20height%3D%27125%27%20fill-opacity%3D%220%22%2F%3E%3C%2Fsvg%3E\" data-orig-src=\"http:\/\/2014.elbe-cup.de\/fileadmin\/img\/elbecup_logo.png\" alt=\"\" width=\"47\" height=\"125\" \/>Am Wochenende findet in Hamburg\u00a012. Elbecup statt. Wir, die 2.F werden da Berlin vertreten.<\/p>\n<p>F\u00fcr die Kinder wird es ein toller Saisonabschlu\u00df in der F-Jugend sein und einfach mal eine Chance sich mit anderen Manschaften aus anderen Regionen zu messen, wobei der Spa\u00df im Vordergrund steht.<\/p>\n<p>&nbsp;<\/p>\n<p>Gegen folgende Manschaften wird gespielt:<\/p>\n<p>&nbsp;<\/p>\n<div class=\"cfcleague-leaguetable\">\n<table class=\"cfcleague-leaguetable\" style=\"height: 275px;\" width=\"641\" cellspacing=\"0\" cellpadding=\"0\">\n<tbody>\n<tr style=\"height: 28px;\">\n<th style=\"height: 28px;\">Pl.<\/th>\n<th style=\"height: 28px;\">Verein<\/th>\n<\/tr>\n<tr class=\"cfcleague-leaguetable-row0 cfcleague-leaguetable-rowTeam cfcleague-leaguetable-row_\" style=\"height: 28px;\">\n<td style=\"height: 28px;\">1.<\/td>\n<td style=\"height: 28px;\">Komet Blankenese 1.F<\/td>\n<\/tr>\n<tr class=\"cfcleague-leaguetable-row1 cfcleague-leaguetable-rowTeam cfcleague-leaguetable-row_\" style=\"height: 28px;\">\n<td style=\"height: 28px;\">2.<\/td>\n<td style=\"height: 28px;\">Komet Blankenese 2. F<\/td>\n<\/tr>\n<tr class=\"cfcleague-leaguetable-row0 cfcleague-leaguetable-rowTeam cfcleague-leaguetable-row_\" style=\"height: 28px;\">\n<td style=\"height: 28px;\">3.<\/td>\n<td style=\"height: 28px;\">Komet Blankenese 3. F<\/td>\n<\/tr>\n<tr class=\"cfcleague-leaguetable-row1 cfcleague-leaguetable-rowTeam cfcleague-leaguetable-row_\" style=\"height: 28px;\">\n<td style=\"height: 28px;\">4.<\/td>\n<td style=\"height: 28px;\">FV Blau-Wei\u00df Spandau 03<\/td>\n<\/tr>\n<tr class=\"cfcleague-leaguetable-row0 cfcleague-leaguetable-rowTeam cfcleague-leaguetable-row_\" style=\"height: 28px;\">\n<td style=\"height: 28px;\">5.<\/td>\n<td style=\"height: 28px;\">SV Blankenese<\/td>\n<\/tr>\n<tr class=\"cfcleague-leaguetable-row1 cfcleague-leaguetable-rowTeam cfcleague-leaguetable-row_\" style=\"height: 28px;\">\n<td style=\"height: 28px;\">6.<\/td>\n<td style=\"height: 28px;\">Lemsahler SV<\/td>\n<\/tr>\n<tr class=\"cfcleague-leaguetable-row1 cfcleague-leaguetable-rowTeam cfcleague-leaguetable-row_\" style=\"height: 28px;\">\n<td style=\"height: 28px;\">7.<\/td>\n<td style=\"height: 28px;\">Bramfelder SV<\/td>\n<\/tr>\n<tr class=\"cfcleague-leaguetable-row1 cfcleague-leaguetable-rowTeam cfcleague-leaguetable-row_\" style=\"height: 28px;\">\n<td style=\"height: 28px;\">8.<\/td>\n<td style=\"height: 28px;\">SV Lurup<\/td>\n<\/tr>\n<tr class=\"cfcleague-leaguetable-row1 cfcleague-leaguetable-rowTeam cfcleague-leaguetable-row_\" style=\"height: 28px;\">\n<td style=\"height: 28px;\">9.<\/td>\n<td style=\"height: 28px;\">HSV Barmbek-Uhlenhorst<\/td>\n<\/tr>\n<tr class=\"cfcleague-leaguetable-row1 cfcleague-leaguetable-rowTeam cfcleague-leaguetable-row_\" style=\"height: 28px;\">\n<td style=\"height: 28px;\">10.<\/td>\n<td style=\"height: 28px;\">TuS Osdorf<\/td>\n<\/tr>\n<tr class=\"cfcleague-leaguetable-row1 cfcleague-leaguetable-rowTeam cfcleague-leaguetable-row_\" style=\"height: 28px;\">\n<td style=\"height: 28px;\">11.<\/td>\n<td style=\"height: 28px;\">SV Blankenese 3.F<\/td>\n<\/tr>\n<\/tbody>\n<\/table>\n<\/div>\n<p>Gespielt wird in 2.Gruppen die dann am Ende die Plazierungen ausspielen.<\/p>\n<p>Wir sind zugast bei Komet Blankenese, es wird am Samstag noch ein geselliges Zusammensein stattfinden.<\/p>\n<p>Freuen wir uns auf viel Spa\u00df und w\u00fcnschen der Mannschaft viel Gl\u00fcck.<\/p>\n<p>Trainer\u00a0Hendrik<\/p>\n","protected":false},"excerpt":{"rendered":"<p>Am Wochenende findet in Hamburg\u00a012. Elbecup statt. Wir, die 2.F  [&#8230;]<\/p>\n","protected":false},"author":45,"featured_media":0,"comment_status":"closed","ping_status":"closed","sticky":false,"template":"","format":"standard","meta":{"_acf_changed":false,"inline_featured_image":false,"footnotes":""},"categories":[1],"tags":[],"class_list":["post-6302","post","type-post","status-publish","format-standard","hentry","category-allgemein"],"acf":[],"_links":{"self":[{"href":"https:\/\/www.blau-weiss-spandau.de\/wordpress\/wp-json\/wp\/v2\/posts\/6302","targetHints":{"allow":["GET"]}}],"collection":[{"href":"https:\/\/www.blau-weiss-spandau.de\/wordpress\/wp-json\/wp\/v2\/posts"}],"about":[{"href":"https:\/\/www.blau-weiss-spandau.de\/wordpress\/wp-json\/wp\/v2\/types\/post"}],"author":[{"embeddable":true,"href":"https:\/\/www.blau-weiss-spandau.de\/wordpress\/wp-json\/wp\/v2\/users\/45"}],"replies":[{"embeddable":true,"href":"https:\/\/www.blau-weiss-spandau.de\/wordpress\/wp-json\/wp\/v2\/comments?post=6302"}],"version-history":[{"count":1,"href":"https:\/\/www.blau-weiss-spandau.de\/wordpress\/wp-json\/wp\/v2\/posts\/6302\/revisions"}],"predecessor-version":[{"id":6303,"href":"https:\/\/www.blau-weiss-spandau.de\/wordpress\/wp-json\/wp\/v2\/posts\/6302\/revisions\/6303"}],"wp:attachment":[{"href":"https:\/\/www.blau-weiss-spandau.de\/wordpress\/wp-json\/wp\/v2\/media?parent=6302"}],"wp:term":[{"taxonomy":"category","embeddable":true,"href":"https:\/\/www.blau-weiss-spandau.de\/wordpress\/wp-json\/wp\/v2\/categories?post=6302"},{"taxonomy":"post_tag","embeddable":true,"href":"https:\/\/www.blau-weiss-spandau.de\/wordpress\/wp-json\/wp\/v2\/tags?post=6302"}],"curies":[{"name":"wp","href":"https:\/\/api.w.org\/{rel}","templated":true}]}}