{"id":6312,"date":"2016-05-14T06:46:59","date_gmt":"2016-05-14T04:46:59","guid":{"rendered":"http:\/\/blau-weiss-spandau.de\/?p=6312"},"modified":"2016-05-14T06:46:59","modified_gmt":"2016-05-14T04:46:59","slug":"2-herren-fahren-in-die-westernstadt-nach-templin","status":"publish","type":"post","link":"https:\/\/www.blau-weiss-spandau.de\/wordpress\/2-herren-fahren-in-die-westernstadt-nach-templin\/","title":{"rendered":"2. Herren fahren in die Westernstadt nach Templin"},"content":{"rendered":"<p>Pfingsten &#8211; ein spielfreies Wochenende f\u00fcr die Mannschaften.<\/p>\n<p>Da hat sich Sascha Wernitz gedacht, nutzen wir die Zeit und fahren mit der Mannschaft in die Westernstadt nach Templin um sich abzulenken. Und sich auf den Saisonabschlu\u00df einzustimmen, nach dem es vielleicht hei\u00dft Aufstieg in die n\u00e4chste Liga.<\/p>\n<p>Die Westernstadt Templin hat auch abends extra eine Show f\u00fcr unsere Jungs vorbereitet.<\/p>\n<p>Wir w\u00fcnschen den 2. Herren ein tolles Wochenende.<\/p>\n<p>&nbsp;<\/p>\n<p>&nbsp;<\/p>\n","protected":false},"excerpt":{"rendered":"<p>Pfingsten &#8211; ein spielfreies Wochenende f\u00fcr die Mannschaften. Da hat  [&#8230;]<\/p>\n","protected":false},"author":45,"featured_media":0,"comment_status":"closed","ping_status":"closed","sticky":false,"template":"","format":"standard","meta":{"_acf_changed":false,"inline_featured_image":false,"footnotes":""},"categories":[1],"tags":[],"class_list":["post-6312","post","type-post","status-publish","format-standard","hentry","category-allgemein"],"acf":[],"_links":{"self":[{"href":"https:\/\/www.blau-weiss-spandau.de\/wordpress\/wp-json\/wp\/v2\/posts\/6312","targetHints":{"allow":["GET"]}}],"collection":[{"href":"https:\/\/www.blau-weiss-spandau.de\/wordpress\/wp-json\/wp\/v2\/posts"}],"about":[{"href":"https:\/\/www.blau-weiss-spandau.de\/wordpress\/wp-json\/wp\/v2\/types\/post"}],"author":[{"embeddable":true,"href":"https:\/\/www.blau-weiss-spandau.de\/wordpress\/wp-json\/wp\/v2\/users\/45"}],"replies":[{"embeddable":true,"href":"https:\/\/www.blau-weiss-spandau.de\/wordpress\/wp-json\/wp\/v2\/comments?post=6312"}],"version-history":[{"count":1,"href":"https:\/\/www.blau-weiss-spandau.de\/wordpress\/wp-json\/wp\/v2\/posts\/6312\/revisions"}],"predecessor-version":[{"id":6313,"href":"https:\/\/www.blau-weiss-spandau.de\/wordpress\/wp-json\/wp\/v2\/posts\/6312\/revisions\/6313"}],"wp:attachment":[{"href":"https:\/\/www.blau-weiss-spandau.de\/wordpress\/wp-json\/wp\/v2\/media?parent=6312"}],"wp:term":[{"taxonomy":"category","embeddable":true,"href":"https:\/\/www.blau-weiss-spandau.de\/wordpress\/wp-json\/wp\/v2\/categories?post=6312"},{"taxonomy":"post_tag","embeddable":true,"href":"https:\/\/www.blau-weiss-spandau.de\/wordpress\/wp-json\/wp\/v2\/tags?post=6312"}],"curies":[{"name":"wp","href":"https:\/\/api.w.org\/{rel}","templated":true}]}}