{"id":6417,"date":"2016-05-22T22:09:37","date_gmt":"2016-05-22T20:09:37","guid":{"rendered":"http:\/\/blau-weiss-spandau.de\/?p=6417"},"modified":"2016-05-22T22:09:38","modified_gmt":"2016-05-22T20:09:38","slug":"2-herren-steigen-auf-und-160-sieg-gegen-fc-phoenixayyildiz","status":"publish","type":"post","link":"https:\/\/www.blau-weiss-spandau.de\/wordpress\/2-herren-steigen-auf-und-160-sieg-gegen-fc-phoenixayyildiz\/","title":{"rendered":"2. Herren steigen auf und 16:0 Sieg gegen FC Ph\u00f6nix\/Ayyildiz"},"content":{"rendered":"<p>Zu Gast war heute der\u00a0FC Ph\u00f6nix\/Ayyildiz und unsere 2. Herren siegten mit einem neunem Platzrekord.<\/p>\n<p>16:0 ging das grandiose Spiel aus. \u00a0Die Tore scho\u00dfen:<\/p>\n<p>3\u00d7 SASCHA WERNITZ 3\u00d7 MARCO M\u00dcLLER 2\u00d7 MICHEL DOWALL 1\u00d7 FLORIAN NAWROTH 3\u00d7 BILAL ABBAS 3\u00d7 NECMETTIN EROL 1\u00d7DENNIS LIEDER<\/p>\n<p>Mit dem heutigen Sieg bei strahlendblauen Himmel\u00a0wurde der Aufstieg perfekt gemacht.<\/p>\n<p>Wir gratulieren Euch zum Aufstieg und zu einer gro\u00dfartigen Saison, macht weiter so.<\/p>\n<p><a href=\"http:\/\/blau-weiss-spandau.de\/wordpress\/wp-content\/uploads\/2016\/05\/13221486_1024433177624957_1542637062465494854_n.jpg\"><img decoding=\"async\" class=\"lazyload alignnone size-full wp-image-6418\" src=\"http:\/\/blau-weiss-spandau.de\/wordpress\/wp-content\/uploads\/2016\/05\/13221486_1024433177624957_1542637062465494854_n.jpg\" data-orig-src=\"http:\/\/blau-weiss-spandau.de\/wordpress\/wp-content\/uploads\/2016\/05\/13221486_1024433177624957_1542637062465494854_n.jpg\" alt=\"13221486_1024433177624957_1542637062465494854_n\" width=\"960\" height=\"678\" srcset=\"data:image\/svg+xml,%3Csvg%20xmlns%3D%27http%3A%2F%2Fwww.w3.org%2F2000%2Fsvg%27%20width%3D%27960%27%20height%3D%27678%27%20viewBox%3D%270%200%20960%20678%27%3E%3Crect%20width%3D%27960%27%20height%3D%27678%27%20fill-opacity%3D%220%22%2F%3E%3C%2Fsvg%3E\" data-srcset=\"https:\/\/www.blau-weiss-spandau.de\/wordpress\/wp-content\/uploads\/2016\/05\/13221486_1024433177624957_1542637062465494854_n-300x212.jpg 300w, https:\/\/www.blau-weiss-spandau.de\/wordpress\/wp-content\/uploads\/2016\/05\/13221486_1024433177624957_1542637062465494854_n-768x542.jpg 768w, https:\/\/www.blau-weiss-spandau.de\/wordpress\/wp-content\/uploads\/2016\/05\/13221486_1024433177624957_1542637062465494854_n.jpg 960w\" data-sizes=\"auto\" data-orig-sizes=\"(max-width: 960px) 100vw, 960px\" \/><\/a><\/p>\n","protected":false},"excerpt":{"rendered":"<p>Zu Gast war heute der\u00a0FC Ph\u00f6nix\/Ayyildiz und unsere 2. Herren  [&#8230;]<\/p>\n","protected":false},"author":45,"featured_media":0,"comment_status":"closed","ping_status":"closed","sticky":false,"template":"","format":"standard","meta":{"_acf_changed":false,"inline_featured_image":false,"footnotes":""},"categories":[1],"tags":[],"class_list":["post-6417","post","type-post","status-publish","format-standard","hentry","category-allgemein"],"acf":[],"_links":{"self":[{"href":"https:\/\/www.blau-weiss-spandau.de\/wordpress\/wp-json\/wp\/v2\/posts\/6417","targetHints":{"allow":["GET"]}}],"collection":[{"href":"https:\/\/www.blau-weiss-spandau.de\/wordpress\/wp-json\/wp\/v2\/posts"}],"about":[{"href":"https:\/\/www.blau-weiss-spandau.de\/wordpress\/wp-json\/wp\/v2\/types\/post"}],"author":[{"embeddable":true,"href":"https:\/\/www.blau-weiss-spandau.de\/wordpress\/wp-json\/wp\/v2\/users\/45"}],"replies":[{"embeddable":true,"href":"https:\/\/www.blau-weiss-spandau.de\/wordpress\/wp-json\/wp\/v2\/comments?post=6417"}],"version-history":[{"count":1,"href":"https:\/\/www.blau-weiss-spandau.de\/wordpress\/wp-json\/wp\/v2\/posts\/6417\/revisions"}],"predecessor-version":[{"id":6419,"href":"https:\/\/www.blau-weiss-spandau.de\/wordpress\/wp-json\/wp\/v2\/posts\/6417\/revisions\/6419"}],"wp:attachment":[{"href":"https:\/\/www.blau-weiss-spandau.de\/wordpress\/wp-json\/wp\/v2\/media?parent=6417"}],"wp:term":[{"taxonomy":"category","embeddable":true,"href":"https:\/\/www.blau-weiss-spandau.de\/wordpress\/wp-json\/wp\/v2\/categories?post=6417"},{"taxonomy":"post_tag","embeddable":true,"href":"https:\/\/www.blau-weiss-spandau.de\/wordpress\/wp-json\/wp\/v2\/tags?post=6417"}],"curies":[{"name":"wp","href":"https:\/\/api.w.org\/{rel}","templated":true}]}}