{"id":6447,"date":"2016-06-07T22:17:22","date_gmt":"2016-06-07T20:17:22","guid":{"rendered":"http:\/\/blau-weiss-spandau.de\/?p=6447"},"modified":"2016-06-07T22:17:22","modified_gmt":"2016-06-07T20:17:22","slug":"sonnenschein-regen-und-gute-stimmung","status":"publish","type":"post","link":"https:\/\/www.blau-weiss-spandau.de\/wordpress\/sonnenschein-regen-und-gute-stimmung\/","title":{"rendered":"Sonnenschein, Regen und gute Stimmung"},"content":{"rendered":"<p>Am Sonntag wollten die Kinder der 2..F bei den 1. u 2. Herren als Einlaufkinder mitwirken, da zwischen den beiden Spielen soviel Luft lag kamen die Eltern auf die Idee mann k\u00f6nnte ja grillen. Die Idee fand gro\u00dfen Anklang ;)<\/p>\n<p>So trafen die Kinder gut gelaunt zum ersten Spiel ein. Als erstes gab es gro\u00dfe Augen es gab f\u00fcr das Einlaufen vom Trainer einen gro\u00dfen S\u00fcsigkeitenkorb.<\/p>\n<p>Hier ein paar Eindr\u00fccke vom einlaufen:<\/p>\n<p><a href=\"http:\/\/blau-weiss-spandau.de\/wordpress\/wp-content\/uploads\/2016\/06\/WhatsApp-Image-20160605.jpg\"><img decoding=\"async\" class=\"lazyload wp-image-6440 aligncenter\" src=\"http:\/\/blau-weiss-spandau.de\/wordpress\/wp-content\/uploads\/2016\/06\/WhatsApp-Image-20160605.jpg\" data-orig-src=\"http:\/\/blau-weiss-spandau.de\/wordpress\/wp-content\/uploads\/2016\/06\/WhatsApp-Image-20160605.jpg\" alt=\"WhatsApp-Image-20160605\" width=\"568\" height=\"426\" srcset=\"data:image\/svg+xml,%3Csvg%20xmlns%3D%27http%3A%2F%2Fwww.w3.org%2F2000%2Fsvg%27%20width%3D%27568%27%20height%3D%27426%27%20viewBox%3D%270%200%20568%20426%27%3E%3Crect%20width%3D%27568%27%20height%3D%27426%27%20fill-opacity%3D%220%22%2F%3E%3C%2Fsvg%3E\" data-srcset=\"https:\/\/www.blau-weiss-spandau.de\/wordpress\/wp-content\/uploads\/2016\/06\/WhatsApp-Image-20160605-300x225.jpg 300w, https:\/\/www.blau-weiss-spandau.de\/wordpress\/wp-content\/uploads\/2016\/06\/WhatsApp-Image-20160605-768x576.jpg 768w, https:\/\/www.blau-weiss-spandau.de\/wordpress\/wp-content\/uploads\/2016\/06\/WhatsApp-Image-20160605-1024x768.jpg 1024w, https:\/\/www.blau-weiss-spandau.de\/wordpress\/wp-content\/uploads\/2016\/06\/WhatsApp-Image-20160605.jpg 1600w\" data-sizes=\"auto\" data-orig-sizes=\"(max-width: 568px) 100vw, 568px\" \/><\/a><\/p>\n<p>Nach dem Einlaufen ging es zur\u00fcck in die Kabine, die Trikots worden wieder verstaut und w\u00e4hrend die Kinder dem Spiel folgten gingen die Eltern in den Garten und fingen an zu grillen. Nach dem Ende des Spiels ging es f\u00fcr die Kinder dann zum Essen in den Garten.<\/p>\n<p>Kurz vor 14:30 Uhr ging es dann zum 1. Herrenspiel und zum einlaufen.<\/p>\n<p>Die Kinder freuten sich denn es war bereits das zweite Mal das sie mit den 1.Herren einliefen, alle Spieler wurden abgeklatscht und aufgrund eines Gewitters das in der Luft lag ging es ganz schnell auf den Platz und ganz schnell wieder runter.<\/p>\n<p>Hier ein paar Eindr\u00fccke vom Einlaufen:<\/p>\n<p><a href=\"http:\/\/blau-weiss-spandau.de\/wordpress\/wp-content\/uploads\/2016\/06\/WhatsApp-Image-20160605-4.jpg\"><img decoding=\"async\" class=\"lazyload wp-image-6457 alignleft\" src=\"http:\/\/blau-weiss-spandau.de\/wordpress\/wp-content\/uploads\/2016\/06\/WhatsApp-Image-20160605-4.jpg\" data-orig-src=\"http:\/\/blau-weiss-spandau.de\/wordpress\/wp-content\/uploads\/2016\/06\/WhatsApp-Image-20160605-4.jpg\" alt=\"WhatsApp-Image-20160605 (4)\" width=\"407\" height=\"543\" srcset=\"data:image\/svg+xml,%3Csvg%20xmlns%3D%27http%3A%2F%2Fwww.w3.org%2F2000%2Fsvg%27%20width%3D%27407%27%20height%3D%27543%27%20viewBox%3D%270%200%20407%20543%27%3E%3Crect%20width%3D%27407%27%20height%3D%27543%27%20fill-opacity%3D%220%22%2F%3E%3C%2Fsvg%3E\" data-srcset=\"https:\/\/www.blau-weiss-spandau.de\/wordpress\/wp-content\/uploads\/2016\/06\/WhatsApp-Image-20160605-4-225x300.jpg 225w, https:\/\/www.blau-weiss-spandau.de\/wordpress\/wp-content\/uploads\/2016\/06\/WhatsApp-Image-20160605-4-768x1024.jpg 768w, https:\/\/www.blau-weiss-spandau.de\/wordpress\/wp-content\/uploads\/2016\/06\/WhatsApp-Image-20160605-4.jpg 1200w\" data-sizes=\"auto\" data-orig-sizes=\"(max-width: 407px) 100vw, 407px\" \/><\/a><\/p>\n<p><a href=\"http:\/\/blau-weiss-spandau.de\/wordpress\/wp-content\/uploads\/2016\/06\/WhatsApp-Image-20160605-3.jpg\"><img decoding=\"async\" class=\"lazyload wp-image-6458 alignright\" src=\"http:\/\/blau-weiss-spandau.de\/wordpress\/wp-content\/uploads\/2016\/06\/WhatsApp-Image-20160605-3.jpg\" data-orig-src=\"http:\/\/blau-weiss-spandau.de\/wordpress\/wp-content\/uploads\/2016\/06\/WhatsApp-Image-20160605-3.jpg\" alt=\"WhatsApp-Image-20160605 (3)\" width=\"407\" height=\"543\" srcset=\"data:image\/svg+xml,%3Csvg%20xmlns%3D%27http%3A%2F%2Fwww.w3.org%2F2000%2Fsvg%27%20width%3D%27407%27%20height%3D%27543%27%20viewBox%3D%270%200%20407%20543%27%3E%3Crect%20width%3D%27407%27%20height%3D%27543%27%20fill-opacity%3D%220%22%2F%3E%3C%2Fsvg%3E\" data-srcset=\"https:\/\/www.blau-weiss-spandau.de\/wordpress\/wp-content\/uploads\/2016\/06\/WhatsApp-Image-20160605-3-225x300.jpg 225w, https:\/\/www.blau-weiss-spandau.de\/wordpress\/wp-content\/uploads\/2016\/06\/WhatsApp-Image-20160605-3-768x1024.jpg 768w, https:\/\/www.blau-weiss-spandau.de\/wordpress\/wp-content\/uploads\/2016\/06\/WhatsApp-Image-20160605-3.jpg 1200w\" data-sizes=\"auto\" data-orig-sizes=\"(max-width: 407px) 100vw, 407px\" \/><\/a> <a href=\"http:\/\/blau-weiss-spandau.de\/wordpress\/wp-content\/uploads\/2016\/06\/WhatsApp-Image-20160605-2.jpg\"><img decoding=\"async\" class=\"lazyload wp-image-6459 alignright\" src=\"http:\/\/blau-weiss-spandau.de\/wordpress\/wp-content\/uploads\/2016\/06\/WhatsApp-Image-20160605-2.jpg\" data-orig-src=\"http:\/\/blau-weiss-spandau.de\/wordpress\/wp-content\/uploads\/2016\/06\/WhatsApp-Image-20160605-2.jpg\" alt=\"WhatsApp-Image-20160605 (2)\" width=\"407\" height=\"543\" srcset=\"data:image\/svg+xml,%3Csvg%20xmlns%3D%27http%3A%2F%2Fwww.w3.org%2F2000%2Fsvg%27%20width%3D%27407%27%20height%3D%27543%27%20viewBox%3D%270%200%20407%20543%27%3E%3Crect%20width%3D%27407%27%20height%3D%27543%27%20fill-opacity%3D%220%22%2F%3E%3C%2Fsvg%3E\" data-srcset=\"https:\/\/www.blau-weiss-spandau.de\/wordpress\/wp-content\/uploads\/2016\/06\/WhatsApp-Image-20160605-2-225x300.jpg 225w, https:\/\/www.blau-weiss-spandau.de\/wordpress\/wp-content\/uploads\/2016\/06\/WhatsApp-Image-20160605-2-768x1024.jpg 768w, https:\/\/www.blau-weiss-spandau.de\/wordpress\/wp-content\/uploads\/2016\/06\/WhatsApp-Image-20160605-2.jpg 1200w\" data-sizes=\"auto\" data-orig-sizes=\"(max-width: 407px) 100vw, 407px\" \/><\/a> <a href=\"http:\/\/blau-weiss-spandau.de\/wordpress\/wp-content\/uploads\/2016\/06\/WhatsApp-Image-20160605-1.jpg\"><img decoding=\"async\" class=\"lazyload wp-image-6460 alignleft\" src=\"http:\/\/blau-weiss-spandau.de\/wordpress\/wp-content\/uploads\/2016\/06\/WhatsApp-Image-20160605-1.jpg\" data-orig-src=\"http:\/\/blau-weiss-spandau.de\/wordpress\/wp-content\/uploads\/2016\/06\/WhatsApp-Image-20160605-1.jpg\" alt=\"WhatsApp-Image-20160605 (1)\" width=\"407\" height=\"542\" srcset=\"data:image\/svg+xml,%3Csvg%20xmlns%3D%27http%3A%2F%2Fwww.w3.org%2F2000%2Fsvg%27%20width%3D%27407%27%20height%3D%27542%27%20viewBox%3D%270%200%20407%20542%27%3E%3Crect%20width%3D%27407%27%20height%3D%27542%27%20fill-opacity%3D%220%22%2F%3E%3C%2Fsvg%3E\" data-srcset=\"https:\/\/www.blau-weiss-spandau.de\/wordpress\/wp-content\/uploads\/2016\/06\/WhatsApp-Image-20160605-1-225x300.jpg 225w, https:\/\/www.blau-weiss-spandau.de\/wordpress\/wp-content\/uploads\/2016\/06\/WhatsApp-Image-20160605-1-768x1024.jpg 768w, https:\/\/www.blau-weiss-spandau.de\/wordpress\/wp-content\/uploads\/2016\/06\/WhatsApp-Image-20160605-1.jpg 1200w\" data-sizes=\"auto\" data-orig-sizes=\"(max-width: 407px) 100vw, 407px\" \/><\/a><br \/>\nAm Ende hie\u00df es dann noch ein gem\u00fctliches Zusammensein der Kinder und Eltern im Garten, alle hatten an diesem Tag Spa\u00df und waren aber auch froh als er vorbei war. Sowas darf gerne wiederholt werden.<\/p>\n<p>hier noch ein sch\u00f6nes Abschlu\u00dfbild der Eltern:<\/p>\n<p><a href=\"http:\/\/blau-weiss-spandau.de\/wordpress\/wp-content\/uploads\/2016\/06\/WhatsApp-Image-20160606.jpg\"><img decoding=\"async\" class=\"lazyload alignnone size-full wp-image-6470\" src=\"http:\/\/blau-weiss-spandau.de\/wordpress\/wp-content\/uploads\/2016\/06\/WhatsApp-Image-20160606.jpg\" data-orig-src=\"http:\/\/blau-weiss-spandau.de\/wordpress\/wp-content\/uploads\/2016\/06\/WhatsApp-Image-20160606.jpg\" alt=\"WhatsApp-Image-20160606\" width=\"1600\" height=\"900\" srcset=\"data:image\/svg+xml,%3Csvg%20xmlns%3D%27http%3A%2F%2Fwww.w3.org%2F2000%2Fsvg%27%20width%3D%271600%27%20height%3D%27900%27%20viewBox%3D%270%200%201600%20900%27%3E%3Crect%20width%3D%271600%27%20height%3D%27900%27%20fill-opacity%3D%220%22%2F%3E%3C%2Fsvg%3E\" data-srcset=\"https:\/\/www.blau-weiss-spandau.de\/wordpress\/wp-content\/uploads\/2016\/06\/WhatsApp-Image-20160606-300x169.jpg 300w, https:\/\/www.blau-weiss-spandau.de\/wordpress\/wp-content\/uploads\/2016\/06\/WhatsApp-Image-20160606-768x432.jpg 768w, https:\/\/www.blau-weiss-spandau.de\/wordpress\/wp-content\/uploads\/2016\/06\/WhatsApp-Image-20160606-1024x576.jpg 1024w, https:\/\/www.blau-weiss-spandau.de\/wordpress\/wp-content\/uploads\/2016\/06\/WhatsApp-Image-20160606.jpg 1600w\" data-sizes=\"auto\" data-orig-sizes=\"(max-width: 1600px) 100vw, 1600px\" \/><\/a><\/p>\n","protected":false},"excerpt":{"rendered":"<p>Am Sonntag wollten die Kinder der 2..F bei den 1.  [&#8230;]<\/p>\n","protected":false},"author":45,"featured_media":0,"comment_status":"closed","ping_status":"closed","sticky":false,"template":"","format":"standard","meta":{"_acf_changed":false,"inline_featured_image":false,"footnotes":""},"categories":[1],"tags":[],"class_list":["post-6447","post","type-post","status-publish","format-standard","hentry","category-allgemein"],"acf":[],"_links":{"self":[{"href":"https:\/\/www.blau-weiss-spandau.de\/wordpress\/wp-json\/wp\/v2\/posts\/6447","targetHints":{"allow":["GET"]}}],"collection":[{"href":"https:\/\/www.blau-weiss-spandau.de\/wordpress\/wp-json\/wp\/v2\/posts"}],"about":[{"href":"https:\/\/www.blau-weiss-spandau.de\/wordpress\/wp-json\/wp\/v2\/types\/post"}],"author":[{"embeddable":true,"href":"https:\/\/www.blau-weiss-spandau.de\/wordpress\/wp-json\/wp\/v2\/users\/45"}],"replies":[{"embeddable":true,"href":"https:\/\/www.blau-weiss-spandau.de\/wordpress\/wp-json\/wp\/v2\/comments?post=6447"}],"version-history":[{"count":21,"href":"https:\/\/www.blau-weiss-spandau.de\/wordpress\/wp-json\/wp\/v2\/posts\/6447\/revisions"}],"predecessor-version":[{"id":6482,"href":"https:\/\/www.blau-weiss-spandau.de\/wordpress\/wp-json\/wp\/v2\/posts\/6447\/revisions\/6482"}],"wp:attachment":[{"href":"https:\/\/www.blau-weiss-spandau.de\/wordpress\/wp-json\/wp\/v2\/media?parent=6447"}],"wp:term":[{"taxonomy":"category","embeddable":true,"href":"https:\/\/www.blau-weiss-spandau.de\/wordpress\/wp-json\/wp\/v2\/categories?post=6447"},{"taxonomy":"post_tag","embeddable":true,"href":"https:\/\/www.blau-weiss-spandau.de\/wordpress\/wp-json\/wp\/v2\/tags?post=6447"}],"curies":[{"name":"wp","href":"https:\/\/api.w.org\/{rel}","templated":true}]}}