{"id":6563,"date":"2016-08-25T13:14:02","date_gmt":"2016-08-25T11:14:02","guid":{"rendered":"http:\/\/blau-weiss-spandau.de\/?p=6563"},"modified":"2016-08-25T13:14:02","modified_gmt":"2016-08-25T11:14:02","slug":"allgemeines-1-maenner-saison-201617","status":"publish","type":"post","link":"https:\/\/www.blau-weiss-spandau.de\/wordpress\/allgemeines-1-maenner-saison-201617\/","title":{"rendered":"Allgemeines 1. M\u00e4nner Saison 2016\/17"},"content":{"rendered":"<p>Nach f\u00fcnf Wochen ordentlicher Vorbereitung, steht nun der Kader der 1. M\u00e4nner fest ! Wir hatten zu Beginn der Vorbereitung\u00a027 Mann im Kader, wobei wir uns von vier Spielern noch trennen mussten. Die 23 Spieler sind :<\/p>\n<p><span style=\"text-decoration: underline;\"><strong>Torh\u00fcter :\u00a0<\/strong><\/span>Tobias B\u00d6HME, Dominik PETZSCHE und Jens-Uwe SCHULZE.<\/p>\n<p><span style=\"text-decoration: underline;\"><strong>Defensive :<\/strong><\/span>\u00a0Justin BROSE, Marc FALKENBERG, Nicolas FRENZEL, Mirco\u00a0KLEMMSTEIN, Robin KRE\u00dfNER, Sebastian\u00a0SCHULZ, Alexander STREHL, Pawel SZPLET, Sebastian VAN LOOSEN\u00a0und Kevin ZECHA.<\/p>\n<p><span style=\"text-decoration: underline;\"><strong>Offensive :<\/strong><\/span> Dzevat\u00a0DZELADIN, Ibrahima\u00a0KABA, Michael KARAKAYA, Benjamin KASPER, Onurhan\u00a0K\u00dcC\u00dcK, Daniel NIETSCH, Klaus OLDORFF, Leonard RIEBE, Felix R\u00dcBNER\u00a0und Onur\u00a0UGUR.<\/p>\n<p>Aufgrund vieler Verletzungen und dadurch mangels Masse verloren wir im Spandauer\u00a0B\u00fcrgermeister Pokal mit 2:3 gegen Alemannia 06.<\/p>\n<p>Die weiteren Testspiele lauteten :<\/p>\n<p>BW\u00a0&#8211; Club Italia\u00a0\u00a0\u00a0\u00a0\u00a0\u00a0\u00a0\u00a0\u00a0\u00a0\u00a0\u00a0\u00a0\u00a0\u00a0\u00a0\u00a0\u00a0 0:2<\/p>\n<p>BW &#8211; Hohen Neuendorf\u00a0\u00a0\u00a0\u00a01:0<\/p>\n<p>BW\u00a0&#8211; BSC Rehberge\u00a0\u00a0\u00a0\u00a0\u00a0\u00a0\u00a0\u00a0\u00a0\u00a02:0<\/p>\n<p>BW &#8211; SCC II\u00a0\u00a0\u00a0\u00a0\u00a0\u00a0\u00a0\u00a0\u00a0\u00a0\u00a0\u00a0\u00a0\u00a0\u00a0\u00a0\u00a0\u00a0\u00a0\u00a0\u00a0\u00a0\u00a0\u00a0\u00a0 4:0.<\/p>\n<p>&nbsp;<\/p>\n","protected":false},"excerpt":{"rendered":"<p>Nach f\u00fcnf Wochen ordentlicher Vorbereitung, steht nun der Kader der  [&#8230;]<\/p>\n","protected":false},"author":45,"featured_media":0,"comment_status":"closed","ping_status":"closed","sticky":false,"template":"","format":"standard","meta":{"_acf_changed":false,"inline_featured_image":false,"footnotes":""},"categories":[1],"tags":[],"class_list":["post-6563","post","type-post","status-publish","format-standard","hentry","category-allgemein"],"acf":[],"_links":{"self":[{"href":"https:\/\/www.blau-weiss-spandau.de\/wordpress\/wp-json\/wp\/v2\/posts\/6563","targetHints":{"allow":["GET"]}}],"collection":[{"href":"https:\/\/www.blau-weiss-spandau.de\/wordpress\/wp-json\/wp\/v2\/posts"}],"about":[{"href":"https:\/\/www.blau-weiss-spandau.de\/wordpress\/wp-json\/wp\/v2\/types\/post"}],"author":[{"embeddable":true,"href":"https:\/\/www.blau-weiss-spandau.de\/wordpress\/wp-json\/wp\/v2\/users\/45"}],"replies":[{"embeddable":true,"href":"https:\/\/www.blau-weiss-spandau.de\/wordpress\/wp-json\/wp\/v2\/comments?post=6563"}],"version-history":[{"count":1,"href":"https:\/\/www.blau-weiss-spandau.de\/wordpress\/wp-json\/wp\/v2\/posts\/6563\/revisions"}],"predecessor-version":[{"id":6564,"href":"https:\/\/www.blau-weiss-spandau.de\/wordpress\/wp-json\/wp\/v2\/posts\/6563\/revisions\/6564"}],"wp:attachment":[{"href":"https:\/\/www.blau-weiss-spandau.de\/wordpress\/wp-json\/wp\/v2\/media?parent=6563"}],"wp:term":[{"taxonomy":"category","embeddable":true,"href":"https:\/\/www.blau-weiss-spandau.de\/wordpress\/wp-json\/wp\/v2\/categories?post=6563"},{"taxonomy":"post_tag","embeddable":true,"href":"https:\/\/www.blau-weiss-spandau.de\/wordpress\/wp-json\/wp\/v2\/tags?post=6563"}],"curies":[{"name":"wp","href":"https:\/\/api.w.org\/{rel}","templated":true}]}}