{"id":6605,"date":"2016-09-21T11:28:36","date_gmt":"2016-09-21T09:28:36","guid":{"rendered":"http:\/\/blau-weiss-spandau.de\/?p=6605"},"modified":"2016-09-21T11:28:36","modified_gmt":"2016-09-21T09:28:36","slug":"verdiente-niederlage-im-ersten-punktspiel-b-jugend","status":"publish","type":"post","link":"https:\/\/www.blau-weiss-spandau.de\/wordpress\/verdiente-niederlage-im-ersten-punktspiel-b-jugend\/","title":{"rendered":"Verdiente Niederlage im ersten Punktspiel [B-Jugend]"},"content":{"rendered":"<p style=\"text-align: justify;\">Uns fehlten 4 Stammspieler und trotzdem stand eine Mannschaft auf dem Platz, welche dem Gegner sowohl k\u00f6rperlich, als auch technisch \u00fcberlegen war. Allerdings konnten wir das von Anfang nicht im Spiel zu unseren Gunsten nutzen.<\/p>\n<p style=\"text-align: justify;\">Von Anfang an waren wir zu weit von den M\u00e4nnern entfernt, unterliefen B\u00e4lle und gewannen keine Zweik\u00e4mpfe. Alles das, was uns im Pokal ausgezeichnet hat wurde vermisst. Zu allem \u00dcberfluss fiel mit dem Halbzeitpfiff auch noch das 1-0 f\u00fcr die Falschen.<\/p>\n<p style=\"text-align: justify;\">Nach einer sehr kurzen und lauten Ansprache hatte ich die Hoffnung, dass es in Halbzeit 2 besserwird. Wenn allerdings erstmal an die erste Halbzeit mit der falschen Einstellung rangegangen wird, ist es schwer den Schalter umzulegen.<\/p>\n<p style=\"text-align: justify;\">Man hat zwar gesehen, dass die Jungs das Spiel nicht verlieren wollten, aber zum ersten Mal zwingend wurde es erst in der Nachspielzeit aus der Distanz. Das war einfach zu wenig.<\/p>\n<p style=\"text-align: justify;\">Das Spiel ging nicht unverdient 1-0 verloren gegen eine Mannschaft die man eigentlich schlagen muss.<\/p>\n<p style=\"text-align: justify;\">Trotz der Kritik war es aber auch er das erste Spiel. Es folgen nun drei englische Wochen und wir m\u00fcssen trotz der Verletzten sehen nicht mit einer Negativserie zu starten. Dementsprechend wollen wir in den n\u00e4chsten beiden Heimspielen punkten. Es war sicherlich ein Weckruf zur rechten Zeit und ich glaube an die Mannschaft.<\/p>\n<p style=\"text-align: justify;\">Wir werden die Woche daran arbeiten, damit das Ergebnis stimmt.<\/p>\n<p style=\"text-align: justify;\">Zuletzt noch ein Lob an die A-Jugend die morgens um 09:00 mit nur 10 Mann nach Frohnau gefahren ist und sich lange Zeit gut geschlagen hat.<\/p>\n","protected":false},"excerpt":{"rendered":"<p>Uns fehlten 4 Stammspieler und trotzdem stand eine Mannschaft auf  [&#8230;]<\/p>\n","protected":false},"author":45,"featured_media":0,"comment_status":"closed","ping_status":"closed","sticky":false,"template":"","format":"standard","meta":{"_acf_changed":false,"inline_featured_image":false,"footnotes":""},"categories":[1],"tags":[],"class_list":["post-6605","post","type-post","status-publish","format-standard","hentry","category-allgemein"],"acf":[],"_links":{"self":[{"href":"https:\/\/www.blau-weiss-spandau.de\/wordpress\/wp-json\/wp\/v2\/posts\/6605","targetHints":{"allow":["GET"]}}],"collection":[{"href":"https:\/\/www.blau-weiss-spandau.de\/wordpress\/wp-json\/wp\/v2\/posts"}],"about":[{"href":"https:\/\/www.blau-weiss-spandau.de\/wordpress\/wp-json\/wp\/v2\/types\/post"}],"author":[{"embeddable":true,"href":"https:\/\/www.blau-weiss-spandau.de\/wordpress\/wp-json\/wp\/v2\/users\/45"}],"replies":[{"embeddable":true,"href":"https:\/\/www.blau-weiss-spandau.de\/wordpress\/wp-json\/wp\/v2\/comments?post=6605"}],"version-history":[{"count":1,"href":"https:\/\/www.blau-weiss-spandau.de\/wordpress\/wp-json\/wp\/v2\/posts\/6605\/revisions"}],"predecessor-version":[{"id":6606,"href":"https:\/\/www.blau-weiss-spandau.de\/wordpress\/wp-json\/wp\/v2\/posts\/6605\/revisions\/6606"}],"wp:attachment":[{"href":"https:\/\/www.blau-weiss-spandau.de\/wordpress\/wp-json\/wp\/v2\/media?parent=6605"}],"wp:term":[{"taxonomy":"category","embeddable":true,"href":"https:\/\/www.blau-weiss-spandau.de\/wordpress\/wp-json\/wp\/v2\/categories?post=6605"},{"taxonomy":"post_tag","embeddable":true,"href":"https:\/\/www.blau-weiss-spandau.de\/wordpress\/wp-json\/wp\/v2\/tags?post=6605"}],"curies":[{"name":"wp","href":"https:\/\/api.w.org\/{rel}","templated":true}]}}