{"id":9028,"date":"2022-05-15T10:10:29","date_gmt":"2022-05-15T08:10:29","guid":{"rendered":"https:\/\/www.blau-weiss-spandau.de\/?p=9028"},"modified":"2022-06-04T14:22:07","modified_gmt":"2022-06-04T12:22:07","slug":"9028-2","status":"publish","type":"post","link":"https:\/\/www.blau-weiss-spandau.de\/wordpress\/9028-2\/","title":{"rendered":"Bezirksstadtrat Frank Bewig zu Besuch beim FV Blau-Weiss Spandau 1903"},"content":{"rendered":"<p><div class=\"fusion-fullwidth fullwidth-box fusion-builder-row-1 fusion-flex-container nonhundred-percent-fullwidth non-hundred-percent-height-scrolling\" style=\"--awb-border-radius-top-left:0px;--awb-border-radius-top-right:0px;--awb-border-radius-bottom-right:0px;--awb-border-radius-bottom-left:0px;--awb-flex-wrap:wrap;\" ><div class=\"fusion-builder-row fusion-row fusion-flex-align-items-flex-start fusion-flex-content-wrap\" style=\"max-width:1302px;margin-left: calc(-5% \/ 2 );margin-right: calc(-5% \/ 2 );\"><div class=\"fusion-layout-column fusion_builder_column fusion-builder-column-0 fusion_builder_column_1_1 1_1 fusion-flex-column fusion-animated\" style=\"--awb-bg-size:cover;--awb-width-large:100%;--awb-margin-top-large:0px;--awb-spacing-right-large:2.375%;--awb-margin-bottom-large:0px;--awb-spacing-left-large:2.375%;--awb-width-medium:100%;--awb-spacing-right-medium:2.375%;--awb-spacing-left-medium:2.375%;--awb-width-small:100%;--awb-spacing-right-small:2.375%;--awb-spacing-left-small:2.375%;\" data-animationType=\"fadeInLeft\" data-animationDuration=\"1.0\" data-animationOffset=\"top-into-view\"><div class=\"fusion-column-wrapper fusion-column-has-shadow fusion-flex-justify-content-flex-start fusion-content-layout-column\"><div class=\"fusion-title title fusion-title-1 fusion-sep-none fusion-title-text fusion-title-size-one\" style=\"--awb-margin-top-small:10px;--awb-margin-right-small:0px;--awb-margin-bottom-small:10px;--awb-margin-left-small:0px;--awb-font-size:60px;\"><h1 class=\"fusion-title-heading title-heading-left\" style=\"margin:0;font-size:1em;\">Bezirksstadtrat Frank Bewig zu Besuch beim FV Blau-Weiss Spandau 1903<\/h1><\/div><\/div><\/div><\/div><\/div><div class=\"fusion-fullwidth fullwidth-box fusion-builder-row-2 fusion-flex-container nonhundred-percent-fullwidth non-hundred-percent-height-scrolling\" style=\"--awb-border-sizes-top:0px;--awb-border-sizes-bottom:0px;--awb-border-sizes-left:0px;--awb-border-sizes-right:0px;--awb-border-radius-top-left:0px;--awb-border-radius-top-right:0px;--awb-border-radius-bottom-right:0px;--awb-border-radius-bottom-left:0px;--awb-padding-bottom:1%;--awb-margin-bottom:1%;--awb-background-image:linear-gradient(0deg, hsla(var(--awb-color5-h),var(--awb-color5-s),calc( var(--awb-color5-l) + 38% ),calc( var(--awb-color5-a) - 44% )) 0%,rgba(255,255,255,0) 100%);--awb-flex-wrap:wrap;\" ><div class=\"fusion-builder-row fusion-row fusion-flex-align-items-flex-start fusion-flex-content-wrap\" style=\"max-width:1302px;margin-left: calc(-5% \/ 2 );margin-right: calc(-5% \/ 2 );\"><div class=\"fusion-layout-column fusion_builder_column fusion-builder-column-1 fusion_builder_column_1_1 1_1 fusion-flex-column fusion-animated\" style=\"--awb-padding-bottom:15px;--awb-bg-color:var(--awb-color8);--awb-bg-color-hover:var(--awb-color8);--awb-bg-size:cover;--awb-width-large:100%;--awb-margin-top-large:0px;--awb-spacing-right-large:2.375%;--awb-margin-bottom-large:0px;--awb-spacing-left-large:2.375%;--awb-width-medium:100%;--awb-order-medium:0;--awb-spacing-right-medium:2.375%;--awb-spacing-left-medium:2.375%;--awb-width-small:100%;--awb-order-small:0;--awb-spacing-right-small:2.375%;--awb-spacing-left-small:2.375%;\" data-animationType=\"fadeInLeft\" data-animationDuration=\"1.0\" data-animationOffset=\"top-into-view\"><div class=\"fusion-column-wrapper fusion-column-has-shadow fusion-flex-justify-content-flex-start fusion-content-layout-column\"><div class=\"fusion-image-element \" style=\"--awb-aspect-ratio:2 \/ 1;--awb-caption-title-font-family:var(--h2_typography-font-family);--awb-caption-title-font-weight:var(--h2_typography-font-weight);--awb-caption-title-font-style:var(--h2_typography-font-style);--awb-caption-title-size:var(--h2_typography-font-size);--awb-caption-title-transform:var(--h2_typography-text-transform);--awb-caption-title-line-height:var(--h2_typography-line-height);--awb-caption-title-letter-spacing:var(--h2_typography-letter-spacing);\"><span class=\" fusion-imageframe imageframe-none imageframe-1 hover-type-none has-aspect-ratio\"><img decoding=\"async\" width=\"2477\" height=\"2560\" title=\"Vorstand Bewig Marufke\" src=\"https:\/\/www.blau-weiss-spandau.de\/wordpress\/wp-content\/uploads\/2022\/05\/Vorstand-Bewig-Marufke-scaled.jpg\" data-orig-src=\"https:\/\/www.blau-weiss-spandau.de\/wordpress\/wp-content\/uploads\/2022\/05\/Vorstand-Bewig-Marufke-scaled.jpg\" class=\"lazyload img-responsive wp-image-9029 img-with-aspect-ratio\" data-parent-fit=\"cover\" data-parent-container=\".fusion-image-element\" alt srcset=\"data:image\/svg+xml,%3Csvg%20xmlns%3D%27http%3A%2F%2Fwww.w3.org%2F2000%2Fsvg%27%20width%3D%272477%27%20height%3D%272560%27%20viewBox%3D%270%200%202477%202560%27%3E%3Crect%20width%3D%272477%27%20height%3D%272560%27%20fill-opacity%3D%220%22%2F%3E%3C%2Fsvg%3E\" data-srcset=\"https:\/\/www.blau-weiss-spandau.de\/wordpress\/wp-content\/uploads\/2022\/05\/Vorstand-Bewig-Marufke-200x207.jpg 200w, https:\/\/www.blau-weiss-spandau.de\/wordpress\/wp-content\/uploads\/2022\/05\/Vorstand-Bewig-Marufke-400x413.jpg 400w, https:\/\/www.blau-weiss-spandau.de\/wordpress\/wp-content\/uploads\/2022\/05\/Vorstand-Bewig-Marufke-600x620.jpg 600w, https:\/\/www.blau-weiss-spandau.de\/wordpress\/wp-content\/uploads\/2022\/05\/Vorstand-Bewig-Marufke-800x827.jpg 800w, https:\/\/www.blau-weiss-spandau.de\/wordpress\/wp-content\/uploads\/2022\/05\/Vorstand-Bewig-Marufke-1200x1240.jpg 1200w, https:\/\/www.blau-weiss-spandau.de\/wordpress\/wp-content\/uploads\/2022\/05\/Vorstand-Bewig-Marufke-scaled.jpg 2477w\" data-sizes=\"auto\" data-orig-sizes=\"(max-width: 800px) 100vw, 1200px\" \/><\/span><\/div><div class=\"fusion-builder-row fusion-builder-row-inner fusion-row fusion-flex-align-items-flex-start fusion-flex-content-wrap\" style=\"--awb-flex-grow:0;--awb-flex-grow-medium:0;--awb-flex-grow-small:0;--awb-flex-shrink:0;--awb-flex-shrink-medium:0;--awb-flex-shrink-small:0;width:105% !important;max-width:105% !important;margin-left: calc(-5% \/ 2 );margin-right: calc(-5% \/ 2 );\"><div class=\"fusion-layout-column fusion_builder_column_inner fusion-builder-nested-column-0 fusion_builder_column_inner_1_1 1_1 fusion-flex-column\" style=\"--awb-padding-top:10px;--awb-padding-left:20px;--awb-bg-size:cover;--awb-width-large:100%;--awb-margin-top-large:0px;--awb-spacing-right-large:2.375%;--awb-margin-bottom-large:0px;--awb-spacing-left-large:2.375%;--awb-width-medium:100%;--awb-spacing-right-medium:2.375%;--awb-spacing-left-medium:2.375%;--awb-width-small:100%;--awb-spacing-right-small:2.375%;--awb-spacing-left-small:2.375%;\"><div class=\"fusion-column-wrapper fusion-column-has-shadow fusion-flex-justify-content-flex-start fusion-content-layout-column\"><ul style=\"--awb-line-height:27.2px;--awb-icon-width:27.2px;--awb-icon-height:27.2px;--awb-icon-margin:11.2px;--awb-content-margin:38.4px;\" class=\"fusion-checklist fusion-checklist-1 fusion-checklist-default type-icons\"><\/ul><\/div><\/div><\/div><\/div><\/div><\/div><\/div><div class=\"fusion-fullwidth fullwidth-box fusion-builder-row-3 fusion-flex-container nonhundred-percent-fullwidth non-hundred-percent-height-scrolling\" style=\"--awb-border-radius-top-left:0px;--awb-border-radius-top-right:0px;--awb-border-radius-bottom-right:0px;--awb-border-radius-bottom-left:0px;--awb-padding-top:2%;--awb-padding-bottom:2%;--awb-flex-wrap:wrap;\" ><div class=\"fusion-builder-row fusion-row fusion-flex-align-items-flex-start fusion-flex-content-wrap\" style=\"max-width:calc( 1240px + 0px );margin-left: calc(-0px \/ 2 );margin-right: calc(-0px \/ 2 );\"><div class=\"fusion-layout-column fusion_builder_column fusion-builder-column-2 fusion_builder_column_1_1 1_1 fusion-flex-column\" style=\"--awb-bg-size:cover;--awb-width-large:100%;--awb-margin-top-large:0px;--awb-spacing-right-large:0px;--awb-margin-bottom-large:0px;--awb-spacing-left-large:0px;--awb-width-medium:100%;--awb-spacing-right-medium:0px;--awb-spacing-left-medium:0px;--awb-width-small:100%;--awb-spacing-right-small:0px;--awb-spacing-left-small:0px;\"><div class=\"fusion-column-wrapper fusion-column-has-shadow fusion-flex-justify-content-flex-start fusion-content-layout-column\"><div class=\"fusion-text fusion-text-1\" style=\"--awb-content-alignment:right;\"><p>Datum: 15. Mai 2022<\/p>\n<\/div><div class=\"fusion-text fusion-text-2\"><p>Heute vor 10 Tagen waren der stellvertretende Bezirksb\u00fcrgermeister und Bezirksstadtrat Frank Bewig und der Leiter Schulsport C Herr Marufke bei Blau-Weiss zu Gast. Hauptthema des Besuchs war der Schulneubau der BBO und der damit einhergehende Abriss und Neubau \"unseres\" Sportplatzes und Vereinsheims voraussichtlich ab 2024.<\/p>\n<p><span data-contrast=\"auto\">Der Vorstand um Tom H\u00fcsemann, Bernd Schuster, unsere Jugendleitung Marco Schad und der Gesch\u00e4ftsf\u00fchrer David Ruby begr\u00fc\u00dften am 5. Mai 2022 den stellvertretenden Bezirksb\u00fcrgermeister und Bezirksstadtrat Herrn Bewig und den Leiter Schulsport C Herrn Marufke. Herr Bewig ist verantwortlich f\u00fcr die Abteilungen Bildung, Kultur und Sport, damit ist er der oberste Ansprechpartner in Spandau f\u00fcr Blau-Weiss, wenn es um Sport geht.<\/span><span data-ccp-props=\"{\">\u00a0<\/span><\/p>\n<h3 aria-level=\"2\">Neuer Platz<\/h3>\n<p><span data-contrast=\"auto\">Es gibt Neubau-Pl\u00e4ne f\u00fcr die gr\u00f6\u00dfte Schule in Berlin-Spandau, die Bertold-Brecht-Oberschule (BBO). Das Schulgeb\u00e4ude der BBO, was eigentlich 1990 als Provisorium errichtet wurde, soll demn\u00e4chst einem Neubau weichen. \"Aufgrund des Schulneubaus werden das Gro\u00dfsspielfeld und das Vereinshaus mittelfristig verlegt werden m\u00fcssen\", so Bewig in einem Post auf Instagram. Das hat direkte Auswirkungen auf den Verein. Blau-Weiss hat viele hundert Vereinsmitglieder, die den Abriss und Neubau unmittelbar sp\u00fcren werden. Sei es, dass sie zu einem weiter entfernten Fu\u00dfballplatz fahren m\u00fcssen oder, weil sie nicht in der gewohnten Umgebung nach dem Spiel im Vereinsheim zusammensitzen k\u00f6nnen. Dazu kommen viele mittelbar betroffene Angeh\u00f6rige. Allein bei Blau-Weiss werden so mehrere tausend Menschen die Auswirkungen des Neubaus direkt oder indirekt sp\u00fcren.<\/span><span data-ccp-props=\"{\">\u00a0<\/span><\/p>\n<h3 aria-level=\"2\"><span data-contrast=\"none\">Viele Herausforderungen<\/span><span data-ccp-props=\"{\">\u00a0<\/span><\/h3>\n<p><span data-contrast=\"auto\">Voraussichtlich irgendwann ab 2024 wird Blau-Weiss f\u00fcr rund ein Jahr woanders trainieren m\u00fcssen. Vorher gibt es aber noch einiges zu tun. Ein neuer Platz bedeutet auch, viele planerische Hausaufgaben zu machen. \"Blau-Weiss wird klar aufzeigen, welche Dinge wir zwingend f\u00fcr die Vereinsarbeit ben\u00f6tigen\", so Bernd Schuster, 2. Vorsitzender von Blau-Weiss. \"Vereinsarbeit ist dabei nicht nur Fu\u00dfball spielen\", so Schuster weiter. In der Wilhelmstadt ist es wichtig, dass es einen Ort gibt, der Menschen zusammenbringt und insbesondere Kindern die M\u00f6glichkeit bietet gemeinsam gro\u00dfartiges zu leisten. Die Vereinsarbeit mit 14 Mannschaften von der G- Jugend bis zu den 1. Herren bildet aus Einzelmitgliedern eine starke Gemeinschaft. Vereinsarbeit und Vereinskultur sind die Schl\u00fcssel zum Erfolg eines Vereins.<\/span><span data-ccp-props=\"{\">\u00a0<\/span><\/p>\n<h3 aria-level=\"2\"><span data-contrast=\"none\">Chancen f\u00fcr den Verein<\/span><span data-ccp-props=\"{\">\u00a0<\/span><\/h3>\n<p><span data-contrast=\"auto\"><a href=\"https:\/\/www.blau-weiss-spandau.de\/wordpress\/wordpress\/wordpress\/wp-content\/uploads\/2022\/05\/Tribuene-Beispiel-scaled.jpg\"><img decoding=\"async\" class=\"lazyload alignleft wp-image-9032 size-fusion-200\" src=\"https:\/\/www.blau-weiss-spandau.de\/wordpress\/wordpress\/wordpress\/wp-content\/uploads\/2022\/05\/Tribuene-Beispiel-200x261.jpg\" data-orig-src=\"https:\/\/www.blau-weiss-spandau.de\/wordpress\/wordpress\/wordpress\/wp-content\/uploads\/2022\/05\/Tribuene-Beispiel-200x261.jpg\" alt=\"Trib\u00fcne als Beispiel\" width=\"200\" height=\"261\" srcset=\"data:image\/svg+xml,%3Csvg%20xmlns%3D%27http%3A%2F%2Fwww.w3.org%2F2000%2Fsvg%27%20width%3D%27200%27%20height%3D%27261%27%20viewBox%3D%270%200%20200%20261%27%3E%3Crect%20width%3D%27200%27%20height%3D%27261%27%20fill-opacity%3D%220%22%2F%3E%3C%2Fsvg%3E\" data-srcset=\"https:\/\/www.blau-weiss-spandau.de\/wordpress\/wp-content\/uploads\/2022\/05\/Tribuene-Beispiel-200x261.jpg 200w, https:\/\/www.blau-weiss-spandau.de\/wordpress\/wp-content\/uploads\/2022\/05\/Tribuene-Beispiel-230x300.jpg 230w, https:\/\/www.blau-weiss-spandau.de\/wordpress\/wp-content\/uploads\/2022\/05\/Tribuene-Beispiel-400x523.jpg 400w, https:\/\/www.blau-weiss-spandau.de\/wordpress\/wp-content\/uploads\/2022\/05\/Tribuene-Beispiel-600x784.jpg 600w, https:\/\/www.blau-weiss-spandau.de\/wordpress\/wp-content\/uploads\/2022\/05\/Tribuene-Beispiel-768x1003.jpg 768w, https:\/\/www.blau-weiss-spandau.de\/wordpress\/wp-content\/uploads\/2022\/05\/Tribuene-Beispiel-784x1024.jpg 784w, https:\/\/www.blau-weiss-spandau.de\/wordpress\/wp-content\/uploads\/2022\/05\/Tribuene-Beispiel-800x1045.jpg 800w, https:\/\/www.blau-weiss-spandau.de\/wordpress\/wp-content\/uploads\/2022\/05\/Tribuene-Beispiel-1176x1536.jpg 1176w, https:\/\/www.blau-weiss-spandau.de\/wordpress\/wp-content\/uploads\/2022\/05\/Tribuene-Beispiel-1200x1568.jpg 1200w, https:\/\/www.blau-weiss-spandau.de\/wordpress\/wp-content\/uploads\/2022\/05\/Tribuene-Beispiel-1567x2048.jpg 1567w, https:\/\/www.blau-weiss-spandau.de\/wordpress\/wp-content\/uploads\/2022\/05\/Tribuene-Beispiel-scaled.jpg 1959w\" data-sizes=\"auto\" data-orig-sizes=\"(max-width: 200px) 100vw, 200px\" \/><\/a>Ein sch\u00f6ner Fu\u00dfballplatz ist das eine, aber es gibt durchaus noch mehr Dinge, die ein Verein ben\u00f6tigt. \"Am Ende wird es darauf ankommen, dass \"unser\" Sportplatz und unser Vereinsheim in der Zukunft die richtige Ausstattung bekommen. Wir bringen unsere Bedarfe in die Diskussion mit Herrn Bewig und seinem Team ein, Bedarfe k\u00f6nnen zum Beispiel ein Ballfangnetz oder eine Trib\u00fcne (siehe Beispielfoto) auf dem Platz oder ein Mehrzweckraum im Vereinsheim sein\", so Schuster. Blau-Weiss m\u00f6chte sich noch mit vielen guten Ideen einbringen. \u201eVielleicht ergeben sich ja sogar noch neue Chancen f\u00fcr den Verein, so Bewig auf Instagram.\u00a0<\/span><span data-ccp-props=\"{\">\u00a0<\/span><\/p>\n<p><span data-contrast=\"auto\">Blau-Weiss freut sich auf die Zusammenarbeit und auf die gemeinsame Umsetzung vieler guter Pl\u00e4ne.<\/span><span data-ccp-props=\"{\">\u00a0<\/span><\/p>\n<\/div><\/div><\/div><\/div><\/div><div class=\"fusion-fullwidth fullwidth-box fusion-builder-row-4 fusion-flex-container nonhundred-percent-fullwidth non-hundred-percent-height-scrolling\" style=\"--awb-border-radius-top-left:0px;--awb-border-radius-top-right:0px;--awb-border-radius-bottom-right:0px;--awb-border-radius-bottom-left:0px;--awb-flex-wrap:wrap;\" ><div class=\"fusion-builder-row fusion-row fusion-flex-align-items-flex-start fusion-flex-content-wrap\" style=\"max-width:1302px;margin-left: calc(-5% \/ 2 );margin-right: calc(-5% \/ 2 );\"><div class=\"fusion-layout-column fusion_builder_column fusion-builder-column-3 fusion_builder_column_1_1 1_1 fusion-flex-column\" style=\"--awb-padding-top:20px;--awb-padding-right:20px;--awb-padding-bottom:20px;--awb-padding-left:20px;--awb-bg-color:var(--awb-color8);--awb-bg-color-hover:var(--awb-color8);--awb-bg-size:cover;--awb-width-large:100%;--awb-margin-top-large:0px;--awb-spacing-right-large:2.375%;--awb-margin-bottom-large:0px;--awb-spacing-left-large:2.375%;--awb-width-medium:100%;--awb-order-medium:0;--awb-spacing-right-medium:2.375%;--awb-spacing-left-medium:2.375%;--awb-width-small:100%;--awb-order-small:0;--awb-spacing-right-small:2.375%;--awb-spacing-left-small:2.375%;\"><div class=\"fusion-column-wrapper fusion-column-has-shadow fusion-flex-justify-content-flex-start fusion-content-layout-column\"><div class=\"fusion-text fusion-text-3\" style=\"--awb-text-transform:uppercase;--awb-text-color:#ffffff;\"><p>Von: Bernd Schuster<\/p>\n<\/div><div class=\"fusion-text fusion-text-4\" style=\"--awb-text-color:#ffffff;\"><p>1. Vorsitzender | Trainer 1. C<\/p>\n<\/div><\/div><\/div><\/div><\/div><div class=\"fusion-fullwidth fullwidth-box fusion-builder-row-5 fusion-flex-container nonhundred-percent-fullwidth non-hundred-percent-height-scrolling\" style=\"--awb-border-radius-top-left:0px;--awb-border-radius-top-right:0px;--awb-border-radius-bottom-right:0px;--awb-border-radius-bottom-left:0px;--awb-padding-top:6%;--awb-padding-bottom:6%;--awb-background-color:#ffffff;--awb-flex-wrap:wrap;\" ><div class=\"fusion-builder-row fusion-row fusion-flex-align-items-stretch fusion-flex-content-wrap\" style=\"max-width:1302px;margin-left: calc(-5% \/ 2 );margin-right: calc(-5% \/ 2 );\"><div class=\"fusion-layout-column fusion_builder_column fusion-builder-column-4 fusion_builder_column_1_1 1_1 fusion-flex-column fusion-flex-align-self-flex-start fusion-column-no-min-height\" style=\"--awb-bg-size:cover;--awb-width-large:100%;--awb-margin-top-large:0px;--awb-spacing-right-large:2.375%;--awb-margin-bottom-large:0px;--awb-spacing-left-large:2.375%;--awb-width-medium:100%;--awb-order-medium:0;--awb-spacing-right-medium:2.375%;--awb-spacing-left-medium:2.375%;--awb-width-small:100%;--awb-order-small:0;--awb-spacing-right-small:2.375%;--awb-spacing-left-small:2.375%;\"><div class=\"fusion-column-wrapper fusion-column-has-shadow fusion-flex-justify-content-flex-start fusion-content-layout-column\"><div class=\"fusion-builder-row fusion-builder-row-inner fusion-row fusion-flex-align-items-stretch fusion-flex-content-wrap\" style=\"--awb-flex-grow:0;--awb-flex-grow-medium:0;--awb-flex-grow-small:0;--awb-flex-shrink:0;--awb-flex-shrink-medium:0;--awb-flex-shrink-small:0;width:105% !important;max-width:105% !important;margin-left: calc(-5% \/ 2 );margin-right: calc(-5% \/ 2 );\"><div class=\"fusion-layout-column fusion_builder_column_inner fusion-builder-nested-column-1 fusion_builder_column_inner_1_2 1_2 fusion-flex-column\" style=\"--awb-bg-size:cover;--awb-width-large:50%;--awb-margin-top-large:0px;--awb-spacing-right-large:4.75%;--awb-margin-bottom-large:0px;--awb-spacing-left-large:4.75%;--awb-width-medium:50%;--awb-spacing-right-medium:4.75%;--awb-spacing-left-medium:4.75%;--awb-width-small:100%;--awb-spacing-right-small:2.375%;--awb-spacing-left-small:2.375%;\"><div class=\"fusion-column-wrapper fusion-column-has-shadow fusion-flex-justify-content-flex-start fusion-content-layout-column\"><div class=\"fusion-title title fusion-title-2 fusion-no-small-visibility fusion-no-medium-visibility fusion-sep-none fusion-title-text fusion-title-size-two\" style=\"--awb-margin-bottom:0px;--awb-margin-top-small:10px;--awb-margin-right-small:0px;--awb-margin-bottom-small:0px;--awb-margin-left-small:0px;\"><h2 class=\"fusion-title-heading title-heading-left\" style=\"margin:0;\">LETZTEN NEWS<\/h2><\/div><div class=\"fusion-title title fusion-title-3 fusion-no-large-visibility fusion-sep-none fusion-title-center fusion-title-text fusion-title-size-two\" style=\"--awb-margin-bottom:0px;--awb-margin-top-small:10px;--awb-margin-right-small:0px;--awb-margin-bottom-small:30px;--awb-margin-left-small:0px;\"><h2 class=\"fusion-title-heading title-heading-center\" style=\"margin:0;\">LETZEN NEWS<\/h2><\/div><\/div><\/div><div class=\"fusion-layout-column fusion_builder_column_inner fusion-builder-nested-column-2 fusion_builder_column_inner_1_2 1_2 fusion-flex-column\" style=\"--awb-bg-size:cover;--awb-width-large:50%;--awb-margin-top-large:0px;--awb-spacing-right-large:4.75%;--awb-margin-bottom-large:0px;--awb-spacing-left-large:4.75%;--awb-width-medium:50%;--awb-spacing-right-medium:4.75%;--awb-spacing-left-medium:4.75%;--awb-width-small:100%;--awb-spacing-right-small:2.375%;--awb-spacing-left-small:2.375%;\"><div class=\"fusion-column-wrapper fusion-column-has-shadow fusion-flex-justify-content-flex-start fusion-content-layout-column\"><div style=\"text-align:center;\"><a class=\"fusion-button button-flat button-xlarge button-default fusion-button-default button-1 fusion-button-default-span fusion-button-default-type fusion-no-large-visibility\" target=\"_self\" href=\"https:\/\/www.blau-weiss-spandau.de\/wordpress\/wordpress\/news\/\"><span class=\"fusion-button-text awb-button__text awb-button__text--default\">MEHR LESEN<\/span><i class=\"esports-file-alt-regular awb-button__icon awb-button__icon--default button-icon-right\" aria-hidden=\"true\"><\/i><\/a><\/div><div style=\"text-align:right;\"><a class=\"fusion-button button-flat button-xlarge button-default fusion-button-default button-2 fusion-button-default-span fusion-button-default-type fusion-no-small-visibility fusion-no-medium-visibility\" target=\"_self\" href=\"https:\/\/www.blau-weiss-spandau.de\/wordpress\/wordpress\/news\/\"><span class=\"fusion-button-text awb-button__text awb-button__text--default\">MEHR LESEN<\/span><i class=\"esports-file-alt-regular awb-button__icon awb-button__icon--default button-icon-right\" aria-hidden=\"true\"><\/i><\/a><\/div><\/div><\/div><\/div><div class=\"fusion-separator fusion-full-width-sep\" style=\"align-self: center;margin-left: auto;margin-right: auto;margin-top:20px;width:100%;\"><div class=\"fusion-separator-border sep-double\" style=\"--awb-height:20px;--awb-amount:20px;border-color:var(--awb-color3);border-top-width:1px;border-bottom-width:1px;\"><\/div><\/div><div class=\"fusion-post-cards fusion-post-cards-1 fusion-grid-archive fusion-grid-columns-2\" style=\"--awb-column-spacing:20px;--awb-columns:2;--awb-row-spacing:20px;\" data-post-type-label=\"beitr\u00e4ge\"><ul class=\"fusion-grid fusion-grid-2 fusion-flex-align-items-stretch fusion-grid-posts-cards\"><\/ul><div class=\"pagination clearfix\"><span class=\"current\">1<\/span><a href=\"https:\/\/www.blau-weiss-spandau.de\/wordpress\/wp-json\/wp\/v2\/posts\/9028\/page\/2\/\" class=\"inactive\">2<\/a><a class=\"pagination-next\" rel=\"next\" href=\"https:\/\/www.blau-weiss-spandau.de\/wordpress\/wp-json\/wp\/v2\/posts\/9028\/page\/2\/\"><span class=\"page-text\">Vor<\/span><span class=\"page-next\"><\/span><\/a><\/div><div class=\"fusion-clearfix\"><\/div><\/div><div class=\"fusion-separator fusion-full-width-sep\" style=\"align-self: center;margin-left: auto;margin-right: auto;margin-top:20px;width:100%;\"><div class=\"fusion-separator-border sep-double\" style=\"--awb-height:20px;--awb-amount:20px;border-color:var(--awb-color3);border-top-width:1px;border-bottom-width:1px;\"><\/div><\/div><\/div><\/div><\/div><\/div><\/p>\n","protected":false},"excerpt":{"rendered":"<p>Heute vor 10 Tagen waren der stellvertretende Bezirksb\u00fcrgermeister und Bezirksstadtrat Frank Bewig und der Leiter Schulsport C Herr Marufke bei Blau-Weiss zu Gast. Hauptthema des Besuchs war der Schulneubau der BBO und der damit einhergehende Abriss und Neubau &#8222;unseres&#8220; Sportplatzes und Vereinsheims voraussichtlich ab 2024. <\/p>\n","protected":false},"author":47,"featured_media":9029,"comment_status":"closed","ping_status":"closed","sticky":false,"template":"","format":"standard","meta":{"_acf_changed":false,"inline_featured_image":false,"footnotes":""},"categories":[1],"tags":[],"class_list":["post-9028","post","type-post","status-publish","format-standard","has-post-thumbnail","hentry","category-allgemein"],"acf":[],"_links":{"self":[{"href":"https:\/\/www.blau-weiss-spandau.de\/wordpress\/wp-json\/wp\/v2\/posts\/9028","targetHints":{"allow":["GET"]}}],"collection":[{"href":"https:\/\/www.blau-weiss-spandau.de\/wordpress\/wp-json\/wp\/v2\/posts"}],"about":[{"href":"https:\/\/www.blau-weiss-spandau.de\/wordpress\/wp-json\/wp\/v2\/types\/post"}],"author":[{"embeddable":true,"href":"https:\/\/www.blau-weiss-spandau.de\/wordpress\/wp-json\/wp\/v2\/users\/47"}],"replies":[{"embeddable":true,"href":"https:\/\/www.blau-weiss-spandau.de\/wordpress\/wp-json\/wp\/v2\/comments?post=9028"}],"version-history":[{"count":8,"href":"https:\/\/www.blau-weiss-spandau.de\/wordpress\/wp-json\/wp\/v2\/posts\/9028\/revisions"}],"predecessor-version":[{"id":9046,"href":"https:\/\/www.blau-weiss-spandau.de\/wordpress\/wp-json\/wp\/v2\/posts\/9028\/revisions\/9046"}],"wp:featuredmedia":[{"embeddable":true,"href":"https:\/\/www.blau-weiss-spandau.de\/wordpress\/wp-json\/wp\/v2\/media\/9029"}],"wp:attachment":[{"href":"https:\/\/www.blau-weiss-spandau.de\/wordpress\/wp-json\/wp\/v2\/media?parent=9028"}],"wp:term":[{"taxonomy":"category","embeddable":true,"href":"https:\/\/www.blau-weiss-spandau.de\/wordpress\/wp-json\/wp\/v2\/categories?post=9028"},{"taxonomy":"post_tag","embeddable":true,"href":"https:\/\/www.blau-weiss-spandau.de\/wordpress\/wp-json\/wp\/v2\/tags?post=9028"}],"curies":[{"name":"wp","href":"https:\/\/api.w.org\/{rel}","templated":true}]}}